{"id":558645,"date":"2025-11-25T23:07:18","date_gmt":"2025-11-25T23:07:18","guid":{"rendered":"https:\/\/www.europesays.com\/fr\/558645\/"},"modified":"2025-11-25T23:07:18","modified_gmt":"2025-11-25T23:07:18","slug":"fickou-jusquen-2027-je-nen-suis-pas-sur","status":"publish","type":"post","link":"https:\/\/www.europesays.com\/fr\/558645\/","title":{"rendered":"Fickou jusqu&rsquo;en 2027 ? Je n\u2019en suis pas s\u00fbr&#8230;"},"content":{"rendered":"<p>                    Par<br \/>\n        <strong><br \/>\n            <a href=\"https:\/\/actu.fr\/auteur\/clement-mazella\" title=\"Consulter tous les articles de Cl\u00e9ment Mazella\" target=\"_blank\" rel=\"noopener\">Cl\u00e9ment Mazella<\/a><br \/>\n                    <\/strong><\/p>\n<p>        Publi\u00e9 le<\/p>\n<p>            25 nov. 2025 \u00e0 20h02        <\/p>\n<p>S\u2019il est un poste o\u00f9 le rugby fran\u00e7ais regorge de talents, c\u2019est bien chez <strong>les centres<\/strong>. Probl\u00e8me : \u00e0 moins de deux ans de <a href=\"https:\/\/actu.fr\/sports\/rugby\/pro\/coupe-du-monde-2027-qui-sont-les-24-pays-qualifies-pour-le-mondial-de-rugby-en-australie_63457092.html\" target=\"_blank\" rel=\"noopener\">la Coupe du monde en Australie<\/a>, aucune paire ne s\u2019est encore affirm\u00e9e, au point d\u2019\u00eatre consid\u00e9r\u00e9e comme indiscutable. Ancien centre du <a href=\"https:\/\/actu.fr\/rugby\/xv-de-france\" target=\"_blank\" rel=\"noopener\">XV de France<\/a>, <strong>Damien Traille<\/strong> (86 s\u00e9lections) s\u2019est confi\u00e9 aupr\u00e8s d\u2019<a href=\"https:\/\/actu.fr\/rugby\/\" target=\"_blank\" rel=\"noopener\">Actu Rugby<\/a> sur cette situation, sur les performances individuelles des centres align\u00e9s durant la tourn\u00e9e d\u2019automne, l\u2019avenir de Ga\u00ebl Fickou, tout en d\u00e9finissant le duo de centres qu\u2019il alignerait pour le d\u00e9but du Tournoi des 6 Nations 2026.\u00a0<\/p>\n<p class=\"ac-article-content__question wall-content\"><strong class=\"color-primary\">Actu : <\/strong>Entre le Tournoi des 6 Nations et la tourn\u00e9e de novembre, Fabien Galthi\u00e9 a utilis\u00e9 5 paires de centres diff\u00e9rentes en 8 matchs en 2025. Est-ce inqui\u00e9tant pour vous \u00e0 deux ans de la Coupe du monde en Australie que la paire n\u00b01 ne soit pas encore d\u00e9finie ?<\/p>\n<p class=\" wall-content\"><strong class=\"color-primary\">Damien Traille  : <\/strong>Oui et non. Oui, car on nous rab\u00e2che sans cesse qu&rsquo;il n&rsquo;y a pas assez de temps pour travailler, et qu&rsquo;on a besoin d&rsquo;automatismes. Et ces derniers, ils ne se trouvent qu&rsquo;en jouant souvent ensemble. Mais pour moi, c&rsquo;est un faux probl\u00e8me. Si Fabien a align\u00e9 5 paires de centres diff\u00e9rentes, c&rsquo;est que le vivier fran\u00e7ais est riche. Nous avons des jeunes talentueux, et qui apportent tous une plus value quand ils jouent. Le staff multiplie les combinaisons pour trouver celle qui pourra apporter un plus \u00e0 cette \u00e9quipe. La probl\u00e9matique, c&rsquo;est qu&rsquo;on ne peut pas en mettre une, puis la changer, puis encore la modifier. Pour les automatismes entre elle, mais aussi le lien avec le n\u00b010 et les ailiers. C&rsquo;est tout un ensemble. <\/p>\n<p class=\"ac-article-content__question wall-content\">S&rsquo;il y a eu autant de paires diff\u00e9rentes, c&rsquo;est aussi d\u00fb au fait que le staff tricolore a \u00e9t\u00e9 confront\u00e9 aux blessures (Moefana, Barassi)&#8230;<\/p>\n<p class=\" wall-content\"><strong class=\"color-primary\">D.T : <\/strong>Ce n&rsquo;est pas propre qu&rsquo;\u00e0 la France. C&rsquo;est le lot de toutes les nations.<\/p>\n<p class=\"ac-article-content__question wall-content\">Peut-\u00eatre. Mais les grandes nations ont leurs 2-3 centres principaux identifi\u00e9s, et s&rsquo;appuient dessus. En France, c&rsquo;est moins vrai. N&rsquo;est-ce pas d\u00fb \u00e0 trop de matchs \u00e0 jouer dans une saison ?<\/p>\n<p class=\" wall-content\"><strong class=\"color-primary\">D.T : <\/strong>Je n&rsquo;ai pas l&rsquo;envie de rentrer dans ce d\u00e9bat. Mais les joueurs n&rsquo;ont jamais autant \u00e9t\u00e9 \u00e0 disposition du XV de France. Apr\u00e8s, je comprends le staff qui aimerait avoir les joueurs encore plus souvent et longtemps. Les joueurs, eux, appartiennent aux clubs. Prenez le cas de l&rsquo;Argentin Juan Cruz Mallia : nous sommes fin novembre, il a beaucoup jou\u00e9 avec sa s\u00e9lection et seulement deux matchs avec son club. Et je n&rsquo;oublie pas que tous les staffs de Top 14 jouent bien le jeu vis-\u00e0-vis de l&rsquo;\u00e9quipe de France.<\/p>\n<p>XV de France : les performances individuelles des centres<\/p>\n<p class=\"ac-article-content__question wall-content\">Fickou, Barassi, Gourgues et Depoort\u00e8re ont chacun \u00e9volu\u00e9 au centre durant cette tourn\u00e9e d&rsquo;automne : lequel vous a le plus convaincu ?<\/p>\n<p class=\" wall-content\"><strong class=\"color-primary\">D.T : <\/strong>Celui qui a tir\u00e9 son \u00e9pingle du jeu, c&rsquo;est Depoort\u00e8re. Incontestablement. Barassi, le probl\u00e8me, c&rsquo;est qu&rsquo;il se blesse au d\u00e9but du deuxi\u00e8me match (Fidji, NDLR). Gourgues, lui, fait une entr\u00e9e remarqu\u00e9e contre l&rsquo;Australie. J&rsquo;ai l&rsquo;impression qu&rsquo;il prend le chemin des Depoort\u00e8re ou Gailleton qui ont perform\u00e9 tr\u00e8s vite en Top 14 et ont fait des bons d\u00e9buts en Bleus. Quand j&rsquo;y pense, \u00e7a nous fait pl\u00e9thore de centres de haut niveau pour les Bleus. Maintenant, il faut en aligner deux. Sachant que je ne veux pas oublier un Fabien Brau-Boirie \u00e0 Pau qui a une grosse maturit\u00e9 \u00e0 son \u00e2ge. Ou un Paul Costes qui a du talent aussi. <\/p>\n<p class=\"ac-article-content__question wall-content\">Mais d&rsquo;avoir autant de talents sur le plan quantitatif, cela ne va-t-il pas finalement compliquer la t\u00e2che du staff afin de faire son choix ?<\/p>\n<p class=\" wall-content\"><strong class=\"color-primary\">D.T : <\/strong>Il vaut mieux avoir mal \u00e0 la t\u00eate comme \u00e7a que de ne pas avoir des mecs talentueux \u00e0 disposition et bricoler. Apr\u00e8s, c&rsquo;est s\u00fbr qu&rsquo;il va falloir cibler, car Fabien ne partira pas avec 6 centres \u00e0 la Coupe du monde en Australie. La polyvalence d&rsquo;un Gailleton peut constituer un atout. Il faut se rappeler aussi que Yoram Moefana, que je vois comme un \u00e9l\u00e9ment important du groupe, va aussi faire son retour. <\/p>\n<p class=\"ac-article-content__question wall-content\">Les centres tricolores n&rsquo;ont pas \u00e9t\u00e9 forc\u00e9ment dominants sur cette tourn\u00e9e. Cela n&rsquo;a-t-il pas mis encore plus en lumi\u00e8re le r\u00f4le indispensable d&rsquo;un Yoram Moefana au profil totalement diff\u00e9rent des autres centres fran\u00e7ais que l&rsquo;on \u00e9voque ?<\/p>\n<p class=\" wall-content\"><strong class=\"color-primary\">D.T : <\/strong>D\u00e9j\u00e0, on ne peut pas mettre l&rsquo;inefficacit\u00e9 du jeu du XV de France sur cette tourn\u00e9e que sur les \u00e9paules des centres. Mais on voit qu&rsquo;aujourd&rsquo;hui, c&rsquo;est une grosse rampe de lancement des grosses nations, comme l&rsquo;Afrique du Sud, qui utilise beaucoup le centre du terrain. J&rsquo;ai eu la sensation qu&rsquo;au centre, nous manquions un peu de vitesse et de puissance. Moefana est puissant, \u00e7a aide. <\/p>\n<p>Votre r\u00e9gion, votre actu !<\/p>\n<p>Recevez chaque jour les infos qui comptent pour vous.<\/p>\n<p>\t<a href=\"https:\/\/actu.fr\/newsletter\" class=\"ac-btn ac-btn--corner ac-btn--medium ac-btn--blue800\" target=\"_blank\" rel=\"noopener\">S&rsquo;incrire<\/a><\/p>\n<p>    <img   decoding=\"async\" loading=\"lazy\" src=\"https:\/\/www.europesays.com\/fr\/wp-content\/uploads\/2025\/11\/gael-fickou-xv-de-france-rugby-2025-960x640.jpg\" alt=\"Le XV de France aura droit \u00e0 un menu copieux pour ces tests de novembre 2025.\" width=\"960\" height=\"640\"\/><br \/>\n    Damien Traille n\u2019est pas s\u00fbr qu\u2019il faille miser sur Ga\u00ebl Fickou jusqu\u2019\u00e0 la Coupe du monde 2027 en Australie. (\u00a9Icon Sport)<\/p>\n<p class=\"ac-article-content__question wall-content\">Celui dont vous ne parlez pas, c&rsquo;est Ga\u00ebl Fickou. Jamais bless\u00e9, toujours pr\u00e9sent, mais malgr\u00e9 tout moins saignant. Tout en saluant sa long\u00e9vit\u00e9 (98 s\u00e9lections), faut-il continuer avec lui vu la richesse du vivier au centre dans l&rsquo;optique du Mondial 2027 ? <\/p>\n<p class=\" wall-content\"><strong class=\"color-primary\">D.T : <\/strong>C&rsquo;est la question que tout le monde se pose je pense. C&rsquo;est s\u00fbr, Ga\u00ebl c&rsquo;est l&rsquo;exp\u00e9rience. Fabien le garde aussi de par ce r\u00f4le-l\u00e0, son v\u00e9cu. Mais quand tu commences \u00e0 vieillir, j&rsquo;en suis pass\u00e9 par l\u00e0, tu es moins efficace. Je souhaite vraiment \u00e0 Ga\u00ebl d&rsquo;avoir deux s\u00e9lections de plus pour rentrer dans le cercle ferm\u00e9 des centurions. Mais Ga\u00ebl est-il l&rsquo;avenir pour 2027 vu les joueurs que nous avons : je n&rsquo;en suis pas s\u00fbr. <\/p>\n<p class=\"ac-article-content__question wall-content\">Le jeune Gourgues a \u00e9lectris\u00e9 le public du Stade de France avec son entr\u00e9e remarqu\u00e9e contre l&rsquo;Australie. B\u00e2tiriez-vous d\u00e9j\u00e0 quelque chose autour de lui pour 2027, ou est-ce trop pr\u00e9coce ? Et sinon, n&rsquo;a-t-il pas un profil id\u00e9al pour figurer sur le banc vu sa grosse polyvalence 10-12-13-15 ?<\/p>\n<p class=\" wall-content\"><strong class=\"color-primary\">D.T : <\/strong>Attention \u00e0 ne pas tirer des le\u00e7ons sur 10 minutes de match ! Il a saisi une occasion, tant mieux pour lui, mais attention. Ce qui est rassurant, c&rsquo;est qu&rsquo;apr\u00e8s une saison derni\u00e8re quasi blanche en raison de sa grave blessure, c&rsquo;est le centre dont on entend le plus parler de par ses performances depuis le d\u00e9but de l&rsquo;exercice. Pour moi, ce serait pr\u00e9coce de b\u00e2tir autour de lui pour 2027. Mais \u00e7a peut \u00eatre un \u00e9l\u00e9ment int\u00e9ressant \u00e0 voir durant le Tournoi pour voir sa valeur sur un match entier. C&rsquo;est s\u00fbr que comme pour Gailleton, sa polyvalence peut \u00eatre un \u00e9l\u00e9ment vraiment important pour lui. <\/p>\n<p>Quelle paire de centres pour le 6 Nations : le verdict de Traille<\/p>\n<p class=\"ac-article-content__question wall-content\">Si tout le monde est apte Damien, avec quelle paire de centres d\u00e9buteriez-vous le prochain Tournoi des 6 Nations ?<\/p>\n<p class=\" wall-content\"><strong class=\"color-primary\">D.T : <\/strong>(il siffle). Je mettrais un centre puncheur, et pour moi Yoram Moefana remplit le mieux cette t\u00e2che. M\u00eame si j&rsquo;estime aussi que Nicolas Depoort\u00e8re peut l&rsquo;assumer. \u00c0 c\u00f4t\u00e9, un centre avec de la vitesse. Lequel ? Pas simple. Apr\u00e8s, tout d\u00e9pend de l&rsquo;adversaire. Et il y a quelque chose que je trouve qu&rsquo;on ne parle pas trop, c&rsquo;est d&rsquo;avoir un centre avec un jeu au pied pertinent pour suppl\u00e9er notre n\u00b010. Dans ce cas, un gars comme Gourgues peut \u00eatre int\u00e9ressant. <\/p>\n<p class=\"ac-article-content__question wall-content\">C&rsquo;est vrai que parmi tous nos centres, rares sont ceux qui ont un jeu au pied performant \u00e0 haut niveau&#8230;<\/p>\n<p class=\" wall-content\"><strong class=\"color-primary\">D.T : <\/strong>C&rsquo;est vrai. Mais dans le jeu des Bleus, est-ce capital ? On voit des fois notre arri\u00e8re venir suppl\u00e9er notre n\u00b010 sur certaines phases. <\/p>\n<p class=\"ac-article-content__question wall-content\">Verdict, donc ?<\/p>\n<p class=\" wall-content\"><strong class=\"color-primary\">D.T : <\/strong>Moefana et un autre \u00e9l\u00e9ment en fonction du style de jeu que l&rsquo;on veut adopter. Apr\u00e8s, je trouve que nous avons beaucoup de centres avec des profils similaires. Sinon, il y a Fabien Brau-Boirie dont on ne parle pas beaucoup car nous n&rsquo;avons pas eu trop l&rsquo;occasion de le voir \u00e0 haut niveau, mais ce qu&rsquo;il fait en club c&rsquo;est fort. C&rsquo;est quelqu&rsquo;un de complet, capable de prendre le milieu de terrain et de faire vivre le ballon le ballon apr\u00e8s contact. Il peut te faire un crochet, alors que tu penses qu&rsquo;il va d\u00e9fier. <\/p>\n<p class=\"ac-article-content__question wall-content\">On parle d&rsquo;automatismes : la logique ne serait-elle pas de miser sur Moefana-Depoort\u00e8re, afin d&rsquo;avoir une ligne 11-12-13-14 100% bordelaise ?<\/p>\n<p class=\" wall-content\"><strong class=\"color-primary\">D.T : <\/strong>Peut-\u00eatre bien. Peut-\u00eatre bien, oui. On voit que quand on donne de bons ballons \u00e0 Bielle-Biarrey, comme c&rsquo;est le cas \u00e0 Bordeaux, \u00e7a va souvent au bout. Apr\u00e8s, si on part avec ce cas de figure-l\u00e0, pourquoi ne pas ajouter une charni\u00e8re Lucu-Jalibert ? Bon, il est vrai qu&rsquo;Antoine (Dupont, NDLR) va revenir. Cela va apporter un plus \u00e0 cette \u00e9quipe. Et qui sait, d&rsquo;ici l\u00e0, une autre p\u00e9pite sortira peut-\u00eatre du chapeau (rires) ! <\/p>\n<p class=\" wall-content\">Personnalisez votre actualit\u00e9 en ajoutant vos villes et m\u00e9dias en favori avec <a href=\"https:\/\/moncompte.actu.fr\" title=\"D\u00e9couvez Mon Actu\" rel=\"nofollow noopener\" data-trk=\"{&quot;cta&quot;:{&quot;action&quot;:&quot;https:\\\/\\\/moncompte.actu.fr&quot;,&quot;category&quot;:&quot;mon compte&quot;,&quot;from&quot;:&quot;article footer&quot;,&quot;name&quot;:&quot;Mon actu&quot;,&quot;type&quot;:&quot;cta&quot;}}\" target=\"_blank\">Mon Actu<\/a>.<\/p>\n","protected":false},"excerpt":{"rendered":"Par Cl\u00e9ment Mazella Publi\u00e9 le 25 nov. 2025 \u00e0 20h02 S\u2019il est un poste o\u00f9 le rugby fran\u00e7ais&hellip;\n","protected":false},"author":2,"featured_media":558646,"comment_status":"","ping_status":"","sticky":false,"template":"","format":"standard","meta":{"footnotes":""},"categories":[1416],"tags":[1011,27,479,1468,60,513],"class_list":{"0":"post-558645","1":"post","2":"type-post","3":"status-publish","4":"format-standard","5":"has-post-thumbnail","7":"category-rugby","8":"tag-fr","9":"tag-france","10":"tag-rugby","11":"tag-rugby-football","12":"tag-sports","13":"tag-xv-de-france"},"share_on_mastodon":{"url":"https:\/\/pubeurope.com\/@fr\/115612854395853080","error":""},"_links":{"self":[{"href":"https:\/\/www.europesays.com\/fr\/wp-json\/wp\/v2\/posts\/558645","targetHints":{"allow":["GET"]}}],"collection":[{"href":"https:\/\/www.europesays.com\/fr\/wp-json\/wp\/v2\/posts"}],"about":[{"href":"https:\/\/www.europesays.com\/fr\/wp-json\/wp\/v2\/types\/post"}],"author":[{"embeddable":true,"href":"https:\/\/www.europesays.com\/fr\/wp-json\/wp\/v2\/users\/2"}],"replies":[{"embeddable":true,"href":"https:\/\/www.europesays.com\/fr\/wp-json\/wp\/v2\/comments?post=558645"}],"version-history":[{"count":0,"href":"https:\/\/www.europesays.com\/fr\/wp-json\/wp\/v2\/posts\/558645\/revisions"}],"wp:featuredmedia":[{"embeddable":true,"href":"https:\/\/www.europesays.com\/fr\/wp-json\/wp\/v2\/media\/558646"}],"wp:attachment":[{"href":"https:\/\/www.europesays.com\/fr\/wp-json\/wp\/v2\/media?parent=558645"}],"wp:term":[{"taxonomy":"category","embeddable":true,"href":"https:\/\/www.europesays.com\/fr\/wp-json\/wp\/v2\/categories?post=558645"},{"taxonomy":"post_tag","embeddable":true,"href":"https:\/\/www.europesays.com\/fr\/wp-json\/wp\/v2\/tags?post=558645"}],"curies":[{"name":"wp","href":"https:\/\/api.w.org\/{rel}","templated":true}]}}