{"id":558649,"date":"2025-11-25T23:12:14","date_gmt":"2025-11-25T23:12:14","guid":{"rendered":"https:\/\/www.europesays.com\/fr\/558649\/"},"modified":"2025-11-25T23:12:14","modified_gmt":"2025-11-25T23:12:14","slug":"mondiaux-2028-une-montagne-artificielle-pour-pogacar-a-abu-dhabi-sports","status":"publish","type":"post","link":"https:\/\/www.europesays.com\/fr\/558649\/","title":{"rendered":"Mondiaux 2028 : Une montagne artificielle pour Pogacar \u00e0 Abu Dhabi ? : Sports"},"content":{"rendered":"<p class=\"date\">\n                                                            Thomas Siniecki, Media365 : publi\u00e9 le mardi 25 novembre 2025 \u00e0 23h10\n                                                    <\/p>\n<p>Le pire, c&rsquo;est qu&rsquo;il est probable que \u00ab\u00a0Pogi\u00a0\u00bb n&rsquo;ait rien demand\u00e9&#8230; M\u00eame si l&rsquo;hypoth\u00e8se de Tim Merlier reste encore \u00e0 v\u00e9rifier.<\/p>\n<p>Si la tenue des <a href=\"https:\/\/sports.orange.fr\/cyclisme\/article\/mondiaux-l-uci-attribue-l-edition-2028-a-abu-dhabi-CNT00000268JEX.html\" target=\"_blank\" rel=\"noopener\">Mondiaux 2028 \u00e0 Abu Dhabi<\/a> ne pla\u00eet pas \u00e0 tout le monde, au moins les sprinteurs y voyaient-ils une opportunit\u00e9 inesp\u00e9r\u00e9e de r\u00e9cup\u00e9rer un titre qui \u00e9chapperait enfin \u00e0 Tadej Pogacar&#8230; Mais c&rsquo;\u00e9tait peut-\u00eatre sans compter sur l&rsquo;ing\u00e9niosit\u00e9 des organisateurs. D&rsquo;apr\u00e8s Tim Merlier, interrog\u00e9 par nos confr\u00e8res de Domestiquecycling.com, il ne faut pas \u00eatre dupe. \u00ab\u00a0Ils travaillent \u00e0 ce que ce ne soit plus plat\u00a0\u00bb, pense le Belge, vainqueur de deux \u00e9tapes du Tour de France cette ann\u00e9e. Comment le sait-il ? Il constate surtout l&rsquo;\u00e9l\u00e9vation d&rsquo;une montagne artificielle, ann\u00e9e apr\u00e8s ann\u00e9e, au gr\u00e9 de ses participations successives sur l&rsquo;UAE Tour (au mois de f\u00e9vrier).<\/p>\n<p>Merlier : \u00ab\u00a0Se dirige-t-on vraiment vers des parcours o\u00f9 seuls les moins de 70 kg ont un avenir ?\u00a0\u00bb<\/p>\n<p>Et qui dit Abu Dhabi dit fief de l&rsquo;\u00e9quipe UAE Emirates, donc de Tadej Pogacar. Celui-ci a beau courir <a href=\"https:\/\/sports.orange.fr\/cyclisme\/article\/mondiaux-h-pogacar-champion-du-monde-pour-la-seconde-fois-CNT000002kWBbs.html\" target=\"_blank\" rel=\"noopener\">sous les couleurs de la Slov\u00e9nie pour des championnats du monde<\/a>, c&rsquo;est bien cette tunique arc-en-ciel qu&rsquo;il peut ensuite porter tout au long de la saison sur l&rsquo;ensemble des courses du calendrier. Tim Merlier semble r\u00e9sign\u00e9 \u00e0 l&rsquo;avance : \u00ab\u00a0Chaque g\u00e9n\u00e9ration de sprinteurs devrait avoir au moins une v\u00e9ritable chance de remporter un titre mondial. Je crains que cette chance ne se pr\u00e9sente jamais pour moi.\u00a0\u00bb<\/p>\n<p>Des propos qui font \u00e9cho \u00e0 ceux de Marcel Kittel, un de ses illustres pr\u00e9d\u00e9cesseurs dans la caste des meilleurs sprinteurs de la plan\u00e8te : \u00ab\u00a0La tendance est \u00e0 la diversification des sprinteurs. La nouvelle g\u00e9n\u00e9ration de purs sprinteurs doit \u00eatre capable de mieux grimper que la mienne.\u00a0\u00bb C&rsquo;est le profil de Paul Magnier, par exemple. Mais \u00e7a rend Tim Merlier d\u00e9cid\u00e9ment bien m\u00e9lancolique : \u00ab\u00a0En boxe, les poids l\u00e9gers n&rsquo;affrontent jamais les poids lourds. En cyclisme, sur un grand Tour, c&rsquo;est diff\u00e9rent. C&rsquo;est ce qui rend ce sport magnifique, mais aussi, d&rsquo;une certaine mani\u00e8re, illogique. Sommes-nous vraiment en train de nous diriger vers des parcours o\u00f9 seuls les coureurs de moins de 70 kg ont un avenir, et o\u00f9 les purs sprinteurs disparaissent ? Ce serait dommage.\u00a0\u00bb Un monde o\u00f9 poussent des stations de ski en plein d\u00e9sert, alors une montagne de plus ou de moins&#8230;<\/p>\n","protected":false},"excerpt":{"rendered":"Thomas Siniecki, Media365 : publi\u00e9 le mardi 25 novembre 2025 \u00e0 23h10 Le pire, c&rsquo;est qu&rsquo;il est probable&hellip;\n","protected":false},"author":2,"featured_media":558650,"comment_status":"","ping_status":"","sticky":false,"template":"","format":"standard","meta":{"footnotes":""},"categories":[1411],"tags":[1154,207,1011,27,60],"class_list":{"0":"post-558649","1":"post","2":"type-post","3":"status-publish","4":"format-standard","5":"has-post-thumbnail","7":"category-cyclisme","8":"tag-cycling","9":"tag-cyclisme","10":"tag-fr","11":"tag-france","12":"tag-sports"},"share_on_mastodon":{"url":"https:\/\/pubeurope.com\/@fr\/115612873229699337","error":""},"_links":{"self":[{"href":"https:\/\/www.europesays.com\/fr\/wp-json\/wp\/v2\/posts\/558649","targetHints":{"allow":["GET"]}}],"collection":[{"href":"https:\/\/www.europesays.com\/fr\/wp-json\/wp\/v2\/posts"}],"about":[{"href":"https:\/\/www.europesays.com\/fr\/wp-json\/wp\/v2\/types\/post"}],"author":[{"embeddable":true,"href":"https:\/\/www.europesays.com\/fr\/wp-json\/wp\/v2\/users\/2"}],"replies":[{"embeddable":true,"href":"https:\/\/www.europesays.com\/fr\/wp-json\/wp\/v2\/comments?post=558649"}],"version-history":[{"count":0,"href":"https:\/\/www.europesays.com\/fr\/wp-json\/wp\/v2\/posts\/558649\/revisions"}],"wp:featuredmedia":[{"embeddable":true,"href":"https:\/\/www.europesays.com\/fr\/wp-json\/wp\/v2\/media\/558650"}],"wp:attachment":[{"href":"https:\/\/www.europesays.com\/fr\/wp-json\/wp\/v2\/media?parent=558649"}],"wp:term":[{"taxonomy":"category","embeddable":true,"href":"https:\/\/www.europesays.com\/fr\/wp-json\/wp\/v2\/categories?post=558649"},{"taxonomy":"post_tag","embeddable":true,"href":"https:\/\/www.europesays.com\/fr\/wp-json\/wp\/v2\/tags?post=558649"}],"curies":[{"name":"wp","href":"https:\/\/api.w.org\/{rel}","templated":true}]}}