{"id":558712,"date":"2025-11-25T23:50:21","date_gmt":"2025-11-25T23:50:21","guid":{"rendered":"https:\/\/www.europesays.com\/fr\/558712\/"},"modified":"2025-11-25T23:50:21","modified_gmt":"2025-11-25T23:50:21","slug":"un-spectacle-pour-les-tout-petits-a-la-bibliotheque-de-la-bastide","status":"publish","type":"post","link":"https:\/\/www.europesays.com\/fr\/558712\/","title":{"rendered":"un spectacle pour les tout-petits \u00e0 la biblioth\u00e8que de la Bastide"},"content":{"rendered":"<p>\u00ab\u00a0Les b\u00e9b\u00e9s sont des spectateurs extraordinaires, ils ont une qualit\u00e9 d\u2019\u00e9coute et d\u2019attention que l\u2019on ne soup\u00e7onne pas\u00a0\u00bb, indique Julie L\u00e4derach. \u00ab\u00a0Tout passe par le non verbal, les mouvements, le regard, la musique. L\u2019enfant est libre de s\u2019exprimer, de circuler avec nous s\u2019il le souhaite.\u00a0\u00bb En effet, pour ce spectacle, artistes et spectateurs sont au m\u00eame niveau.<\/p>\n<p>Interventions vari\u00e9es<\/p>\n<p>Mais pourquoi \u00ab\u00a03 petits moments\u00a0\u00bb\u00a0? \u00ab\u00a0D\u2019abord, le moment du spectacle, musique, danse, l\u2019enfant regarde, peut bouger, r\u00e9agir. Ensuite, le parent ou l\u2019accompagnateur est incit\u00e9 \u00e0 s\u2019engager dans le spectacle, \u00e0 nous rejoindre avec l\u2019enfant. Enfin, c\u2019est l\u2019\u00e9change, le rassemblement, chacun dit ce qu\u2019il a ressenti avec ses mots\u00a0\u00bb, explique Julie L\u00e4derach.<\/p>\n<p>Le collectif Tutti est compos\u00e9 d\u2019un noyau d\u2019artistes, musiciens, danseurs, qui cr\u00e9ent des spectacles tout public et s\u2019entourent pour d\u2019autres projets de compositeurs, metteurs en sc\u00e8ne, dramaturges ou chor\u00e9graphes invit\u00e9s, afin de diversifier leurs interventions. Le collectif intervient parfois aupr\u00e8s d\u2019enfants ou d\u2019adultes handicap\u00e9s, et r\u00e9fl\u00e9chit \u00e0 travailler avec des personnes \u00e2g\u00e9es, par exemple dans les Ehpad. \u00ab\u00a0Il y a une dizaine d\u2019ann\u00e9es, nous n\u2019\u00e9tions pas nombreux \u00e0 cr\u00e9er ce type de spectacles\u00a0\u00bb, remarque Julie L\u00e4derach. \u00ab\u00a0Nous sommes demand\u00e9s dans la France enti\u00e8re et \u00e9galement parfois dans d\u2019autres pays.\u00a0\u00bb<\/p>\n","protected":false},"excerpt":{"rendered":"\u00ab\u00a0Les b\u00e9b\u00e9s sont des spectateurs extraordinaires, ils ont une qualit\u00e9 d\u2019\u00e9coute et d\u2019attention que l\u2019on ne soup\u00e7onne pas\u00a0\u00bb,&hellip;\n","protected":false},"author":2,"featured_media":558713,"comment_status":"","ping_status":"","sticky":false,"template":"","format":"standard","meta":{"footnotes":""},"categories":[2817],"tags":[1111,11,1997,1777,674,1011,27,12,2219,25],"class_list":{"0":"post-558712","1":"post","2":"type-post","3":"status-publish","4":"format-standard","5":"has-post-thumbnail","7":"category-bordeaux","8":"tag-actu","9":"tag-actualites","10":"tag-bordeaux","11":"tag-eu","12":"tag-europe","13":"tag-fr","14":"tag-france","15":"tag-news","16":"tag-nouvelle-aquitaine","17":"tag-republique-francaise"},"share_on_mastodon":{"url":"https:\/\/pubeurope.com\/@fr\/115613022749674232","error":""},"_links":{"self":[{"href":"https:\/\/www.europesays.com\/fr\/wp-json\/wp\/v2\/posts\/558712","targetHints":{"allow":["GET"]}}],"collection":[{"href":"https:\/\/www.europesays.com\/fr\/wp-json\/wp\/v2\/posts"}],"about":[{"href":"https:\/\/www.europesays.com\/fr\/wp-json\/wp\/v2\/types\/post"}],"author":[{"embeddable":true,"href":"https:\/\/www.europesays.com\/fr\/wp-json\/wp\/v2\/users\/2"}],"replies":[{"embeddable":true,"href":"https:\/\/www.europesays.com\/fr\/wp-json\/wp\/v2\/comments?post=558712"}],"version-history":[{"count":0,"href":"https:\/\/www.europesays.com\/fr\/wp-json\/wp\/v2\/posts\/558712\/revisions"}],"wp:featuredmedia":[{"embeddable":true,"href":"https:\/\/www.europesays.com\/fr\/wp-json\/wp\/v2\/media\/558713"}],"wp:attachment":[{"href":"https:\/\/www.europesays.com\/fr\/wp-json\/wp\/v2\/media?parent=558712"}],"wp:term":[{"taxonomy":"category","embeddable":true,"href":"https:\/\/www.europesays.com\/fr\/wp-json\/wp\/v2\/categories?post=558712"},{"taxonomy":"post_tag","embeddable":true,"href":"https:\/\/www.europesays.com\/fr\/wp-json\/wp\/v2\/tags?post=558712"}],"curies":[{"name":"wp","href":"https:\/\/api.w.org\/{rel}","templated":true}]}}