{"id":558714,"date":"2025-11-25T23:51:15","date_gmt":"2025-11-25T23:51:15","guid":{"rendered":"https:\/\/www.europesays.com\/fr\/558714\/"},"modified":"2025-11-25T23:51:15","modified_gmt":"2025-11-25T23:51:15","slug":"natasha-st-pier-interview-exclusive-avant-son-concert-a-bordeaux-du-13-decembre","status":"publish","type":"post","link":"https:\/\/www.europesays.com\/fr\/558714\/","title":{"rendered":"Natasha St-Pier, interview exclusive avant son concert \u00e0 Bordeaux du 13 d\u00e9cembre"},"content":{"rendered":"<p>A quelques jours de son concert au Casino Th\u00e9\u00e2tre Barri\u00e8re de Bordeaux avec ICI Gironde, Natasha St-Pier nous a accord\u00e9 une interview Exclusive\u00a0!<\/p>\n<p><a class=\"IciLink ici-link IciArticleLink g-ici-body-regular-1 underline brand svelte-1chfe2s\" href=\"https:\/\/www.francebleu.fr\/culture\/musique\/journee-exclusive-natasha-st-pier-vendredi-5-decembre-2025-1462702\" target=\"_blank\" rel=\"noopener\">Natasha St-Pier<\/a>\u00a0est actuellement en tourn\u00e9e. Dans son nouveau r\u00e9cital, <strong>la star canadienne reprend ses plus grands tubes<\/strong> (\u00ab\u00a0Mourir demain\u00a0\u00bb, \u00ab\u00a0Tu trouveras\u00a0\u00bb, \u00ab\u00a0Un ange frappe \u00e0 ma porte\u00a0\u00bb) et revisite les plus grandes chansons fran\u00e7aises sign\u00e9es Edith Piaf, Barbara, V\u00e9ronique Sanson, Christophe ou Nino Ferrer.<\/p>\n<p>\u00ab\u00a0Ces artistes m\u2019accompagnent depuis mon enfance\u00a0et j\u2019ai voulu leur rendre hommage \u00e0 mon tour le temps d\u2019un album et d\u2019une tourn\u00e9e\u00a0\u00bb\u00a0!<\/p>\n<p>Vous \u00eates fans\u00a0? Rendez-vous au\u00a0<a target=\"_blank\" rel=\"nofollow noopener noreferrer\" class=\"IciLink ici-link IciArticleLink g-ici-body-regular-1 underline brand svelte-1chfe2s\" href=\"https:\/\/www.casinosbarriere.com\/bordeaux\/spectacles\">Casino Th\u00e9\u00e2tre Barri\u00e8re de Bordeaux<\/a>, pour un concert exceptionnel, samedi 13 d\u00e9cembre \u00e0 20h30. Et pour vous faire patienter, <strong>Natasha St-Pier a accord\u00e9 \u00e0 Marie-Corine Cailleteau une interview exclusive<\/strong> dans laquelle elle se d\u00e9voile avec sinc\u00e9rit\u00e9 et g\u00e9n\u00e9rosit\u00e9.<\/p>\n<p>La chanteuse y \u00e9voque les grands interpr\u00e8tes qui l\u2019ont inspir\u00e9 depuis ses d\u00e9buts, son nouvel album, <strong>sa relation privil\u00e9gi\u00e9e avec son public<\/strong>, le plaisir d\u2019\u00eatre de retour sur sc\u00e8ne, <strong>son dernier livre<\/strong> (<a target=\"_blank\" rel=\"nofollow noopener noreferrer\" class=\"IciLink ici-link IciArticleLink g-ici-body-regular-1 underline brand svelte-1chfe2s\" href=\"https:\/\/www.editionsdurocher.fr\/product\/132119\/mes-tres-cheres-saintes\/\">\u00ab\u00a0Mes tr\u00e8s ch\u00e8res saintes\u00a0\u00bb, \u00e9ditions du Rocher<\/a>), son rapport au sacr\u00e9 et \u00e0 la religion, son r\u00f4le de maman, ses peurs et ses prochains d\u00e9fis.<\/p>\n<p>loading<\/p>\n<p><strong>Derni\u00e8re info\u00a0:<\/strong> Natasha St-Pier d\u00e9dicacera son livre \u00ab\u00a0Mes tr\u00e8s ch\u00e8res saintes\u00a0\u00bb, samedi 13 d\u00e9cembre entre 13h et 14h au <a target=\"_blank\" rel=\"nofollow noopener noreferrer\" class=\"IciLink ici-link IciArticleLink g-ici-body-regular-1 underline brand svelte-1chfe2s\" href=\"https:\/\/www.cultura.com\/les-magasins\/cultura-merignac.html\">Cultura\u00a0de M\u00e9rignac<\/a>.<\/p>\n<p><a href=\"https:\/\/www.youtube.com\/watch?v=EHeKbxNU2rI\" target=\"_blank\" rel=\"noopener noreferrer\" class=\"Youtube svelte-isxgy6\" style=\"background-image: url(https:\/\/i.ytimg.com\/vi\/EHeKbxNU2rI\/sddefault.jpg);\"><\/p>\n<p>J&rsquo;ai deux amours<\/p>\n<p> <\/a> <\/p>\n","protected":false},"excerpt":{"rendered":"A quelques jours de son concert au Casino Th\u00e9\u00e2tre Barri\u00e8re de Bordeaux avec ICI Gironde, Natasha St-Pier nous&hellip;\n","protected":false},"author":2,"featured_media":558715,"comment_status":"","ping_status":"","sticky":false,"template":"","format":"standard","meta":{"footnotes":""},"categories":[2817],"tags":[1111,11,1997,1777,674,1011,27,12,2219,25],"class_list":{"0":"post-558714","1":"post","2":"type-post","3":"status-publish","4":"format-standard","5":"has-post-thumbnail","7":"category-bordeaux","8":"tag-actu","9":"tag-actualites","10":"tag-bordeaux","11":"tag-eu","12":"tag-europe","13":"tag-fr","14":"tag-france","15":"tag-news","16":"tag-nouvelle-aquitaine","17":"tag-republique-francaise"},"share_on_mastodon":{"url":"https:\/\/pubeurope.com\/@fr\/115613026519029582","error":""},"_links":{"self":[{"href":"https:\/\/www.europesays.com\/fr\/wp-json\/wp\/v2\/posts\/558714","targetHints":{"allow":["GET"]}}],"collection":[{"href":"https:\/\/www.europesays.com\/fr\/wp-json\/wp\/v2\/posts"}],"about":[{"href":"https:\/\/www.europesays.com\/fr\/wp-json\/wp\/v2\/types\/post"}],"author":[{"embeddable":true,"href":"https:\/\/www.europesays.com\/fr\/wp-json\/wp\/v2\/users\/2"}],"replies":[{"embeddable":true,"href":"https:\/\/www.europesays.com\/fr\/wp-json\/wp\/v2\/comments?post=558714"}],"version-history":[{"count":0,"href":"https:\/\/www.europesays.com\/fr\/wp-json\/wp\/v2\/posts\/558714\/revisions"}],"wp:featuredmedia":[{"embeddable":true,"href":"https:\/\/www.europesays.com\/fr\/wp-json\/wp\/v2\/media\/558715"}],"wp:attachment":[{"href":"https:\/\/www.europesays.com\/fr\/wp-json\/wp\/v2\/media?parent=558714"}],"wp:term":[{"taxonomy":"category","embeddable":true,"href":"https:\/\/www.europesays.com\/fr\/wp-json\/wp\/v2\/categories?post=558714"},{"taxonomy":"post_tag","embeddable":true,"href":"https:\/\/www.europesays.com\/fr\/wp-json\/wp\/v2\/tags?post=558714"}],"curies":[{"name":"wp","href":"https:\/\/api.w.org\/{rel}","templated":true}]}}