{"id":558716,"date":"2025-11-25T23:52:22","date_gmt":"2025-11-25T23:52:22","guid":{"rendered":"https:\/\/www.europesays.com\/fr\/558716\/"},"modified":"2025-11-25T23:52:22","modified_gmt":"2025-11-25T23:52:22","slug":"selecta-bisso-ambassadeur-du-streetwear-caribeen-et-toulousain-haute-garonne-toulouse","status":"publish","type":"post","link":"https:\/\/www.europesays.com\/fr\/558716\/","title":{"rendered":"Selecta Bisso : Ambassadeur du streetwear carib\u00e9en\u2026 et Toulousain\u00a0 &#8211; Haute Garonne &#8211; Toulouse"},"content":{"rendered":"<p>                    <img width=\"1707\" height=\"2560\" src=\"https:\/\/www.europesays.com\/fr\/wp-content\/uploads\/2025\/11\/thumbnail_BIS04487-scaled.jpg\" class=\"img-fluid portrait wp-post-image\" alt=\"Fabrice Le Goff, alias\u00a0Selecta Bisso\" itemprop=\"image\" decoding=\"async\" fetchpriority=\"high\"  \/>                    <\/p>\n<p itemprop=\"name\">\n                                                Fabrice Le Goff, alias\u00a0Selecta Bisso\n                                            <\/p>\n<p data-olk-copy-source=\"MessageBody\"><strong>Originaire de la Guadeloupe,\u00a0Fabrice Le Goff, alias\u00a0Selecta Bisso, grandit entre musique, sneakers et culture urbaine. Sportif polyvalent, du judo au basket, en passant par le surf et le skate, il d\u00e9couvre tr\u00e8s t\u00f4t sa passion pour les sneakers gr\u00e2ce \u00e0 l\u2019\u00e9mission culte\u00a0H.I.P.H.O.P\u00a0et la mythique adidas Americana.<\/strong><\/p>\n<p>En 2002, il fonde le\u00a0Blackout Sound System, collectif DJ reggae\/dancehall qui se produit en France, en Europe et au Canada. En 2022, il devient\u00a0directeur artistique de la sc\u00e8ne Cara\u00efbe du festival Garorock, tout en continuant de mixer.<\/p>\n<p>Install\u00e9 \u00e0\u00a0Toulouse depuis 20 ans, il s\u2019impose d\u00e8s 2010 comme une\u00a0voix majeure de la sneaker culture. Avec son site\u00a0selectabisso.com\u00a0et son compte Instagram\u00a0@bisso97120\u00a0(40k abonn\u00e9s), il partage articles, shootings et expertise, tout en conseillant r\u00e9guli\u00e8rement marques et acteurs du secteur.<\/p>\n<p>Passionn\u00e9 devenu cr\u00e9ateur, il signe plusieurs\u00a0collaborations internationales sold out\u00a0:<\/p>\n<p>KangaROOS (2021 &amp; 2022) \u2013 Runaway ROOS 001\u00a0Rainbow Trout\u00a0et Coil R1\u00a0Trout 2<\/p>\n<p>Diadora (2022) \u2013 V7000\u00a0Strong Together<\/p>\n<p>Sonra (2025) \u2013 Proto\u00a0Patara\u00a0(avec Hikmet Sugoer)<\/p>\n<p>Saucony (2025) \u2013 Shadow 5000\u00a0Bondamanjak<\/p>\n<p>Art2rue (2025) \u2013 Darboussier x Bisso, design bouteille X.O<\/p>\n<p>Certaines de ses paires atteignent jusqu\u2019\u00e0\u00a08 000 USD\u00a0en revente sur StockX ou GOAT.<\/p>\n<p>Aujourd\u2019hui, Selecta Bisso est reconnu comme une\u00a0r\u00e9f\u00e9rence incontournable de la sc\u00e8ne sneakers\u00a0et un\u00a0ambassadeur du streetwear carib\u00e9en, reliant avec authenticit\u00e9 musique, mode et h\u00e9ritage culturel.<\/p>\n<p class=\"signature\" itemscope=\"\" itemprop=\"Author\" itemtype=\"http:\/\/schema.org\/Person\">\n                VLoz\n            <\/p>\n","protected":false},"excerpt":{"rendered":"Fabrice Le Goff, alias\u00a0Selecta Bisso Originaire de la Guadeloupe,\u00a0Fabrice Le Goff, alias\u00a0Selecta Bisso, grandit entre musique, sneakers et&hellip;\n","protected":false},"author":2,"featured_media":558717,"comment_status":"","ping_status":"","sticky":false,"template":"","format":"standard","meta":{"footnotes":""},"categories":[2816],"tags":[1111,11,1777,674,1011,27,23720,12,2680,25,2312],"class_list":{"0":"post-558716","1":"post","2":"type-post","3":"status-publish","4":"format-standard","5":"has-post-thumbnail","7":"category-toulouse","8":"tag-actu","9":"tag-actualites","10":"tag-eu","11":"tag-europe","12":"tag-fr","13":"tag-france","14":"tag-internet-seulement","15":"tag-news","16":"tag-occitanie","17":"tag-republique-francaise","18":"tag-toulouse"},"share_on_mastodon":{"url":"https:\/\/pubeurope.com\/@fr\/115613031187234192","error":""},"_links":{"self":[{"href":"https:\/\/www.europesays.com\/fr\/wp-json\/wp\/v2\/posts\/558716","targetHints":{"allow":["GET"]}}],"collection":[{"href":"https:\/\/www.europesays.com\/fr\/wp-json\/wp\/v2\/posts"}],"about":[{"href":"https:\/\/www.europesays.com\/fr\/wp-json\/wp\/v2\/types\/post"}],"author":[{"embeddable":true,"href":"https:\/\/www.europesays.com\/fr\/wp-json\/wp\/v2\/users\/2"}],"replies":[{"embeddable":true,"href":"https:\/\/www.europesays.com\/fr\/wp-json\/wp\/v2\/comments?post=558716"}],"version-history":[{"count":0,"href":"https:\/\/www.europesays.com\/fr\/wp-json\/wp\/v2\/posts\/558716\/revisions"}],"wp:featuredmedia":[{"embeddable":true,"href":"https:\/\/www.europesays.com\/fr\/wp-json\/wp\/v2\/media\/558717"}],"wp:attachment":[{"href":"https:\/\/www.europesays.com\/fr\/wp-json\/wp\/v2\/media?parent=558716"}],"wp:term":[{"taxonomy":"category","embeddable":true,"href":"https:\/\/www.europesays.com\/fr\/wp-json\/wp\/v2\/categories?post=558716"},{"taxonomy":"post_tag","embeddable":true,"href":"https:\/\/www.europesays.com\/fr\/wp-json\/wp\/v2\/tags?post=558716"}],"curies":[{"name":"wp","href":"https:\/\/api.w.org\/{rel}","templated":true}]}}