{"id":558722,"date":"2025-11-25T23:56:20","date_gmt":"2025-11-25T23:56:20","guid":{"rendered":"https:\/\/www.europesays.com\/fr\/558722\/"},"modified":"2025-11-25T23:56:20","modified_gmt":"2025-11-25T23:56:20","slug":"comment-la-finance-verte-continue-de-tenir-le-cap-malgre-le-fort-backlash-ecologique","status":"publish","type":"post","link":"https:\/\/www.europesays.com\/fr\/558722\/","title":{"rendered":"Comment la finance verte continue de tenir le cap malgr\u00e9 le fort \u00ab\u00a0backlash\u00a0\u00bb \u00e9cologique"},"content":{"rendered":"<p>Pour leur troisi\u00e8me \u00e9dition, les Rencontres de la finance verte ont rassembl\u00e9 vendredi 21\u00a0novembre, au CIC Place de l\u2019Innovation, \u00e0 Marseille, un large plateau d\u2019experts pour d\u00e9crypter un contexte mondial bouscul\u00e9 et r\u00e9pondre \u00e0 une question centrale : comment maintenir le cap de la transition \u00e9cologique alors que montent les vents contraires, politiques, \u00e9conomiques et\u2026<\/p>\n<p><a data-no-instant=\"1\" href=\"https:\/\/www.emergingvalley.online\/\" rel=\"noopener nofollow\" class=\"a2t-link\" target=\"_blank\" aria-label=\"WhatsApp Image 2025-11-18 at 11.48.26 1200*148\"><img loading=\"lazy\" decoding=\"async\" src=\"data:image\/svg+xml,%3Csvg%20xmlns=\" http:=\"\" alt=\"\" data-lazy- data-lazy- width=\"1600\" height=\"197\" style=\"display: inline-block;\" data-lazy-src=\"https:\/\/www.europesays.com\/fr\/wp-content\/uploads\/2025\/11\/whatsapp-image-2025-11-18-at-11.48.26-1200148.jpeg\"\/><\/a><\/p>\n","protected":false},"excerpt":{"rendered":"Pour leur troisi\u00e8me \u00e9dition, les Rencontres de la finance verte ont rassembl\u00e9 vendredi 21\u00a0novembre, au CIC Place de&hellip;\n","protected":false},"author":2,"featured_media":558723,"comment_status":"","ping_status":"","sticky":false,"template":"","format":"standard","meta":{"footnotes":""},"categories":[2814],"tags":[1111,11,1777,674,1011,27,884,12,882,25],"class_list":{"0":"post-558722","1":"post","2":"type-post","3":"status-publish","4":"format-standard","5":"has-post-thumbnail","7":"category-marseille","8":"tag-actu","9":"tag-actualites","10":"tag-eu","11":"tag-europe","12":"tag-fr","13":"tag-france","14":"tag-marseille","15":"tag-news","16":"tag-provence-alpes-cote-dazur","17":"tag-republique-francaise"},"share_on_mastodon":{"url":"https:\/\/pubeurope.com\/@fr\/115613046039460076","error":""},"_links":{"self":[{"href":"https:\/\/www.europesays.com\/fr\/wp-json\/wp\/v2\/posts\/558722","targetHints":{"allow":["GET"]}}],"collection":[{"href":"https:\/\/www.europesays.com\/fr\/wp-json\/wp\/v2\/posts"}],"about":[{"href":"https:\/\/www.europesays.com\/fr\/wp-json\/wp\/v2\/types\/post"}],"author":[{"embeddable":true,"href":"https:\/\/www.europesays.com\/fr\/wp-json\/wp\/v2\/users\/2"}],"replies":[{"embeddable":true,"href":"https:\/\/www.europesays.com\/fr\/wp-json\/wp\/v2\/comments?post=558722"}],"version-history":[{"count":0,"href":"https:\/\/www.europesays.com\/fr\/wp-json\/wp\/v2\/posts\/558722\/revisions"}],"wp:featuredmedia":[{"embeddable":true,"href":"https:\/\/www.europesays.com\/fr\/wp-json\/wp\/v2\/media\/558723"}],"wp:attachment":[{"href":"https:\/\/www.europesays.com\/fr\/wp-json\/wp\/v2\/media?parent=558722"}],"wp:term":[{"taxonomy":"category","embeddable":true,"href":"https:\/\/www.europesays.com\/fr\/wp-json\/wp\/v2\/categories?post=558722"},{"taxonomy":"post_tag","embeddable":true,"href":"https:\/\/www.europesays.com\/fr\/wp-json\/wp\/v2\/tags?post=558722"}],"curies":[{"name":"wp","href":"https:\/\/api.w.org\/{rel}","templated":true}]}}