{"id":558724,"date":"2025-11-25T23:57:13","date_gmt":"2025-11-25T23:57:13","guid":{"rendered":"https:\/\/www.europesays.com\/fr\/558724\/"},"modified":"2025-11-25T23:57:13","modified_gmt":"2025-11-25T23:57:13","slug":"lom-arrache-la-victoire-contre-les-magpies-revivez-le-match-de-ligue-des-champions","status":"publish","type":"post","link":"https:\/\/www.europesays.com\/fr\/558724\/","title":{"rendered":"l&rsquo;OM arrache la victoire contre les Magpies&#8230; Revivez le match de Ligue des champions"},"content":{"rendered":"<p>L&rsquo;Olympique de Marseille a rempli une partie de son contrat pour conserver la main sur son avenir en Ligue des champions, mardi 25 novembre, <a href=\"https:\/\/www.franceinfo.fr\/sports\/foot\/ligue-des-champions\/ligue-des-champions-l-om-se-relance-en-renversant-newcastle-grace-a-un-double-de-pierre-emerick-aubameyang_7639409.html\" target=\"_blank\" rel=\"noopener\">en battant Newcastle (2-1)<\/a>. Le club phoc\u00e9en, qui n&rsquo;avait r\u00e9colt\u00e9 que trois points sur ses quatre premi\u00e8res sorties europ\u00e9ennes, a doubl\u00e9 son total en dominant l&rsquo;\u00e9quipe anglaise, qui avait remport\u00e9 trois matchs dans la comp\u00e9tition et se trouvait, avant cette journ\u00e9e, dans le Top 8.<\/p>\n<p class=\"c-body__bullet\"><strong> L&rsquo;OM relanc\u00e9.<\/strong> En raflant sa deuxi\u00e8me victoire cette saison en C1, l&rsquo;OM se relance compl\u00e8tement. Les Marseillais doublent en effet leur nombre de points, passant de la 25e place, non qualificative, \u00e0 la 19e avant les matchs de mercredi. Avec d\u00e9sormais six points au compteur, Marseille peut entrevoir la qualification avec plus d&rsquo;optimisme.<\/p>\n<p class=\"c-body__bullet\"><strong> Aubameyang en mode sauveur. <\/strong>Lorsqu&rsquo;il marque, l&rsquo;OM gagne en Ligue des champions. Le constat est implacable, m\u00eame si un peu simpliste. <a href=\"https:\/\/www.franceinfo.fr\/sports\/foot\/ligue-des-champions\/ligue-des-champions-l-om-lessive-l-ajax-amsterdam-et-signe-sa-premiere-victoire-europeenne-de-la-saison_7523749.html\" target=\"_blank\" rel=\"noopener\">Ultime buteur contre l&rsquo;Ajax lors de la victoire (4-0)<\/a>, Pierre-Emerick Aubameyang a ouvert le score au tout d\u00e9but de la deuxi\u00e8me mi-temps. Et son doubl\u00e9 est intervenu quatre minutes apr\u00e8s, pour montrer le chemin d&rsquo;un deuxi\u00e8me succ\u00e8s dans cette comp\u00e9tition, synonyme d&rsquo;espoir.<\/p>\n<p class=\"c-body__bullet\"><strong> L&rsquo;OM en Dr Jekyll et mister Hyde. <\/strong>Surpris d\u00e8s la 6e minute par un d\u00e9but de match tonitruant des Magpies, l&rsquo;OM a, pendant 40 minutes, but\u00e9 sur la d\u00e9fense anglaise. Par manque de pr\u00e9cision, de r\u00e9alisme ou par maladresse. Et la d\u00e9fense olympienne a, pendant une mi-temps, trembl\u00e9 sur presque chaque contre adverse. Presque tout l&rsquo;inverse de la deuxi\u00e8me p\u00e9riode, \u00e0 l&rsquo;image d&rsquo;un Aubameyang d\u00e9cisif sur ses deux premi\u00e8res tentatives, apr\u00e8s en avoir rat\u00e9 trois en premi\u00e8re, et d&rsquo;un collectif plus en ma\u00eetrise.<\/p>\n","protected":false},"excerpt":{"rendered":"L&rsquo;Olympique de Marseille a rempli une partie de son contrat pour conserver la main sur son avenir en&hellip;\n","protected":false},"author":2,"featured_media":558725,"comment_status":"","ping_status":"","sticky":false,"template":"","format":"standard","meta":{"footnotes":""},"categories":[2814],"tags":[1111,11,1777,674,1011,27,884,12,882,25],"class_list":{"0":"post-558724","1":"post","2":"type-post","3":"status-publish","4":"format-standard","5":"has-post-thumbnail","7":"category-marseille","8":"tag-actu","9":"tag-actualites","10":"tag-eu","11":"tag-europe","12":"tag-fr","13":"tag-france","14":"tag-marseille","15":"tag-news","16":"tag-provence-alpes-cote-dazur","17":"tag-republique-francaise"},"share_on_mastodon":{"url":"","error":""},"_links":{"self":[{"href":"https:\/\/www.europesays.com\/fr\/wp-json\/wp\/v2\/posts\/558724","targetHints":{"allow":["GET"]}}],"collection":[{"href":"https:\/\/www.europesays.com\/fr\/wp-json\/wp\/v2\/posts"}],"about":[{"href":"https:\/\/www.europesays.com\/fr\/wp-json\/wp\/v2\/types\/post"}],"author":[{"embeddable":true,"href":"https:\/\/www.europesays.com\/fr\/wp-json\/wp\/v2\/users\/2"}],"replies":[{"embeddable":true,"href":"https:\/\/www.europesays.com\/fr\/wp-json\/wp\/v2\/comments?post=558724"}],"version-history":[{"count":0,"href":"https:\/\/www.europesays.com\/fr\/wp-json\/wp\/v2\/posts\/558724\/revisions"}],"wp:featuredmedia":[{"embeddable":true,"href":"https:\/\/www.europesays.com\/fr\/wp-json\/wp\/v2\/media\/558725"}],"wp:attachment":[{"href":"https:\/\/www.europesays.com\/fr\/wp-json\/wp\/v2\/media?parent=558724"}],"wp:term":[{"taxonomy":"category","embeddable":true,"href":"https:\/\/www.europesays.com\/fr\/wp-json\/wp\/v2\/categories?post=558724"},{"taxonomy":"post_tag","embeddable":true,"href":"https:\/\/www.europesays.com\/fr\/wp-json\/wp\/v2\/tags?post=558724"}],"curies":[{"name":"wp","href":"https:\/\/api.w.org\/{rel}","templated":true}]}}