{"id":558728,"date":"2025-11-25T23:59:24","date_gmt":"2025-11-25T23:59:24","guid":{"rendered":"https:\/\/www.europesays.com\/fr\/558728\/"},"modified":"2025-11-25T23:59:24","modified_gmt":"2025-11-25T23:59:24","slug":"jean-michel-aulas-et-lr-font-alliance-pour-les-elections-a-la-metropole","status":"publish","type":"post","link":"https:\/\/www.europesays.com\/fr\/558728\/","title":{"rendered":"Jean-Michel Aulas et LR font alliance pour les \u00e9lections \u00e0 la m\u00e9tropole"},"content":{"rendered":"<p>\n    En cas de victoire de l\u2019ancien patron de l\u2019OL en mars dans la capitale des Gaules, V\u00e9ronique Sarselli, maire LR de Sainte-Foy-l\u00e8s-Lyon, deviendra pr\u00e9sidente du Grand Lyon, la deuxi\u00e8me m\u00e9tropole de France.<\/p>\n<p class=\"fig-paragraph\"><a href=\"http:\/\/www.lefigaro.fr\/lyon\/a-lyon-la-droite-et-le-centre-misent-sur-la-notoriete-de-jean-michel-aulas-pour-agreger-les-rancoeurs-anti-ecolo-20250925\" data-fig-type=\"NewsFlash\" data-gtm-custom-categorie=\"navigation\" data-gtm-custom-action=\"crossclick\" data-gtm-custom-label=\"Contextuel\" data-gtm-event=\"customEventSPE\" data-fig-domain=\"LEFIGARO\" target=\"_blank\" rel=\"noopener\">Jean-Michel Aulas<\/a>\u00a0cherche \u00e0 gagner du poids politique. L&rsquo;ancien patron de l&rsquo;OL et candidat \u00e0 la mairie de Lyon et la chef de file LR aux \u00e9lections m\u00e9tropolitaines ont annonc\u00e9 mardi faire alliance pour tenter de reprendre aux \u00e9cologistes la puissante collectivit\u00e9. En cas de victoire en mars, V\u00e9ronique Sarselli, maire LR de Sainte-Foy-l\u00e8s-Lyon, deviendra pr\u00e9sidente du Grand Lyon, la deuxi\u00e8me m\u00e9tropole de France avec 1,4 million d&rsquo;habitants, et \u00abelle a accept\u00e9 que je si\u00e8ge \u00e0 ses c\u00f4t\u00e9s dans l&rsquo;ex\u00e9cutif m\u00e9tropolitain\u00bb, a d\u00e9clar\u00e9 l&rsquo;ancien pr\u00e9sident de l&rsquo;Olympique lyonnais.<\/p>\n<p class=\"fig-paragraph\">L&rsquo;accord repose sur un principe de \u00abclart\u00e9 d\u00e9mocratique\u00bb, a-t-il ajout\u00e9 pendant l&rsquo;inauguration de leur local de campagne: \u00abil n&rsquo;y aura aucune alliance ni de pr\u00e8s, ni de loin avec les extr\u00eames, ni au premier, ni au second tour\u00bb. Les deux parties se sont \u00e9galement mises d&rsquo;accord pour la parit\u00e9 des t\u00eates de liste dans les 14 circonscriptions, a-t-il soulign\u00e9. \u00abJe vous remercie de faire cette union avec les maires en premi\u00e8re ligne\u00bb, a poursuivi V\u00e9ronique Sarselli, d\u00e9sign\u00e9e au printemps par son parti pour mener la campagne du Grand Lyon, la seule communaut\u00e9 d&rsquo;agglom\u00e9ration de France dont l&rsquo;assembl\u00e9e est \u00e9lue au suffrage universel direct.<\/p>\n<p>                                    <a class=\"fig-a11y-skip a11y-hidden\" href=\"#fig-a11y-skip-main-inarticle\"><br \/>\n        Passer la publicit\u00e9<br \/>\n    <\/a><\/p>\n<p>Une dynamique au niveau m\u00e9tropolitain<\/p>\n<p class=\"fig-paragraph\">De son c\u00f4t\u00e9, Jean-Michel Aulas est parti en campagne pour la mairie de Lyon en septembre, sans \u00e9tiquette mais avec le soutien d&rsquo;une large coalition du centre et de la droite. Donn\u00e9 grand favori des sondages face au maire \u00e9cologiste sortant Gr\u00e9gory Doucet, il a vite d\u00e9clar\u00e9 vouloir utiliser cette dynamique au niveau m\u00e9tropolitain avec des listes baptis\u00e9es \u00abGrand coeur lyonnais\u00bb. Ces derni\u00e8res semaines, il avait obtenu le ralliement des \u00e9lus Renaissance ou\u00a0<a href=\"http:\/\/www.lefigaro.fr\/politique\/je-n-ai-pas-les-yeux-rives-uniquement-sur-le-grand-large-de-l-onu-au-modem-les-ambitions-galopantes-de-jean-noel-barrot-20250929\" data-fig-type=\"Article\" data-gtm-custom-categorie=\"navigation\" data-gtm-custom-action=\"crossclick\" data-gtm-custom-label=\"Contextuel\" data-gtm-event=\"customEventSPE\" data-fig-domain=\"LEFIGARO\" target=\"_blank\" rel=\"noopener\">MoDem\u00a0<\/a>mais V\u00e9ronique Sarselli, forte du soutien des nombreux maires LR de l&rsquo;agglom\u00e9ration, tardait \u00e0 faire de m\u00eame.<\/p>\n<p class=\"fig-paragraph\">Mardi, elle a expliqu\u00e9 se ranger derri\u00e8re la banni\u00e8re Grand c\u0153ur lyonnais parce qu&rsquo;elle \u00abrassemble\u00bb et qu&rsquo;elle est \u00abtr\u00e8s attendue\u00bb par les habitants qui d\u00e9sirent l&rsquo;alternance. L&rsquo;\u00e9cologiste Bruno Bernard, 54 ans, qui pr\u00e9side le Grand Lyon depuis 2020, n&rsquo;a pas encore officialis\u00e9 son entr\u00e9e en lice. La m\u00e9tropole de Lyon, cr\u00e9\u00e9e en 2015, a repris les comp\u00e9tences du d\u00e9partement sur les 58 communes qui la composent. Dot\u00e9e d&rsquo;un budget de pr\u00e8s de 4 milliards d&rsquo;euros (contre moins de 1,2 milliard pour la ville de Lyon), elle dispose de larges comp\u00e9tences\u00a0: d\u00e9veloppement \u00e9conomique, voirie, coll\u00e8ges, action sociale&#8230;<\/p>\n","protected":false},"excerpt":{"rendered":"En cas de victoire de l\u2019ancien patron de l\u2019OL en mars dans la capitale des Gaules, V\u00e9ronique Sarselli,&hellip;\n","protected":false},"author":2,"featured_media":558729,"comment_status":"","ping_status":"","sticky":false,"template":"","format":"standard","meta":{"footnotes":""},"categories":[1889],"tags":[1111,11,2430,1777,674,1011,27,5227,2428,12,25],"class_list":{"0":"post-558728","1":"post","2":"type-post","3":"status-publish","4":"format-standard","5":"has-post-thumbnail","7":"category-lyon","8":"tag-actu","9":"tag-actualites","10":"tag-auvergne-rhone-alpes","11":"tag-eu","12":"tag-europe","13":"tag-fr","14":"tag-france","15":"tag-jean-michel-aulas","16":"tag-lyon","17":"tag-news","18":"tag-republique-francaise"},"share_on_mastodon":{"url":"https:\/\/pubeurope.com\/@fr\/115613057899610221","error":""},"_links":{"self":[{"href":"https:\/\/www.europesays.com\/fr\/wp-json\/wp\/v2\/posts\/558728","targetHints":{"allow":["GET"]}}],"collection":[{"href":"https:\/\/www.europesays.com\/fr\/wp-json\/wp\/v2\/posts"}],"about":[{"href":"https:\/\/www.europesays.com\/fr\/wp-json\/wp\/v2\/types\/post"}],"author":[{"embeddable":true,"href":"https:\/\/www.europesays.com\/fr\/wp-json\/wp\/v2\/users\/2"}],"replies":[{"embeddable":true,"href":"https:\/\/www.europesays.com\/fr\/wp-json\/wp\/v2\/comments?post=558728"}],"version-history":[{"count":0,"href":"https:\/\/www.europesays.com\/fr\/wp-json\/wp\/v2\/posts\/558728\/revisions"}],"wp:featuredmedia":[{"embeddable":true,"href":"https:\/\/www.europesays.com\/fr\/wp-json\/wp\/v2\/media\/558729"}],"wp:attachment":[{"href":"https:\/\/www.europesays.com\/fr\/wp-json\/wp\/v2\/media?parent=558728"}],"wp:term":[{"taxonomy":"category","embeddable":true,"href":"https:\/\/www.europesays.com\/fr\/wp-json\/wp\/v2\/categories?post=558728"},{"taxonomy":"post_tag","embeddable":true,"href":"https:\/\/www.europesays.com\/fr\/wp-json\/wp\/v2\/tags?post=558728"}],"curies":[{"name":"wp","href":"https:\/\/api.w.org\/{rel}","templated":true}]}}