{"id":558730,"date":"2025-11-26T00:01:16","date_gmt":"2025-11-26T00:01:16","guid":{"rendered":"https:\/\/www.europesays.com\/fr\/558730\/"},"modified":"2025-11-26T00:01:16","modified_gmt":"2025-11-26T00:01:16","slug":"ou-sont-passes-les-10-milliards-deuros-de-patrimoine-non-declares-par-lile-de-france","status":"publish","type":"post","link":"https:\/\/www.europesays.com\/fr\/558730\/","title":{"rendered":"O\u00f9 sont pass\u00e9s les 10 milliards d&rsquo;euros de patrimoine non d\u00e9clar\u00e9s par l\u2019\u00cele-de-France ?"},"content":{"rendered":"<p>\n    <strong>D\u00c9CRYPTAGE &#8211;<\/strong> Alors que l\u2019\u00c9tat traque les milliards pour r\u00e9duire le d\u00e9ficit public, la r\u00e9gion \u00cele-de-France semble en avoir \u00e9gar\u00e9 quelques-uns dans les m\u00e9andres de son inventaire patrimonial, d\u2019apr\u00e8s un r\u00e9cent rapport de la Cour des comptes.<\/p>\n<p class=\"fig-paragraph\">Dans les comptes de la r\u00e9gion \u00cele-de-France, il manque des milliards\u00a0: 10, peut-\u00eatre 19, nul ne peut le dire avec certitude. C\u2019est du moins ce que laisse entrevoir le rapport de la Cour des comptes, publi\u00e9 jeudi 20 novembre, sur les finances de la\u00a0<a href=\"https:\/\/video.lefigaro.fr\/figaro\/politique\/covid-19-dans-la-region-idf-on-peut-parler-dune-amorce-dinflechissement-analyse-martin-hirsch-20201109\" data-fig-type=\"Video\" data-gtm-custom-categorie=\"navigation\" data-gtm-custom-action=\"crossclick\" data-gtm-custom-label=\"Contextuel\" data-gtm-event=\"customEventSPE\" data-fig-domain=\"LEFIGARO\" target=\"_blank\" rel=\"noopener\">r\u00e9gion \u00cele-de-France (IDF)<\/a>, o\u00f9 l\u2019actif immobilis\u00e9 \u2013 b\u00e2timents, terrains, v\u00e9hicules et \u00e9quipements \u2013 ressemble davantage \u00e0 un puzzle incomplet qu\u2019\u00e0 un inventaire au cordeau. La r\u00e9gion \u00e9value tous ses actifs \u00e0 25,9 milliards d\u2019euros, soit \u00abun \u00e9cart de 10 milliards d\u2019euros\u00bb avec les estimations des sages de la rue Cambon, qui le chiffrent \u00e0 plus de 35 milliards d\u2019euros. Un \u00e9cart qui grimpe m\u00eame \u00e0 \u00ab19,63 milliards d\u2019euros\u00bb si l\u2019on en croit les estimations comptables de la Direction r\u00e9gionale des finances publiques (DRFIP) d\u2019\u00cele-de-France. Alors que la connaissance pr\u00e9cise de leurs actifs constitue un pilier essentiel de la bonne gestion pour les entreprises, les collectivit\u00e9s locales semblent \u00e9voluer selon des r\u00e8gles bien diff\u00e9rentes.<\/p>\n<p class=\"fig-paragraph\">Ce trou\u2026<\/p>\n<p class=\"fig-premium-paywall__infos\">\n        Cet article est r\u00e9serv\u00e9 aux abonn\u00e9s.        Il vous reste 84% \u00e0 d\u00e9couvrir.\n    <\/p>\n<p>                <img  data- alt=\"Le Figaro\" class=\"fig-img--complete fig-img\"\/><\/p>\n<p class=\"fig-premium-paywall__title\">Black Friday<\/p>\n<p class=\"fig-premium-paywall__subtitle\">-70% sur l&rsquo;abonnement num\u00e9rique<\/p>\n<p class=\"fig-premium-paywall__connect\">\n                D\u00e9j\u00e0 abonn\u00e9\u00a0?                <a class=\"fig-premium-paywall__connect-link\" href=\"https:\/\/connect.lefigaro.fr\/login?client=horizon_web&amp;type=main&amp;redirect_uri=https%3A%2F%2Fwww.lefigaro.fr%2Fconjoncture%2Fou-sont-passes-les-10-milliards-d-euros-de-patrimoine-non-declares-par-l-ile-de-france-20251125\" data-js-gtm=\"{&quot;customCategorie&quot;: &quot;conversion&quot;, &quot;customAction&quot;: &quot;before_Landing_Connexion_paywall_auto&quot;, &quot;customLabel&quot;: &quot;bGVmaWdhcm8uZnJfXzFmMGM5M2Y1LWYwNjctNmRhNC1hY2JlLWY3MjgyNGMwNjM3MF9fQXJ0aWNsZQ==_O\u00f9 sont pass\u00e9s les 10 milliards d&#039;euros de patrimoine non d\u00e9clar\u00e9s par l\u2019\u00cele-de-France\u00a0?_7&quot;, &quot;customIDSPE&quot;: &quot;bGVmaWdhcm8uZnJfXzFmMGM5M2Y1LWYwNjctNmRhNC1hY2JlLWY3MjgyNGMwNjM3MF9fQXJ0aWNsZQ==&quot;, &quot;event&quot;: &quot;customEventSPE&quot;}\" target=\"_blank\" rel=\"noopener\"><br \/>\n                    Connectez-vous<br \/>\n                <\/a>\n            <\/p>\n","protected":false},"excerpt":{"rendered":"D\u00c9CRYPTAGE &#8211; Alors que l\u2019\u00c9tat traque les milliards pour r\u00e9duire le d\u00e9ficit public, la r\u00e9gion \u00cele-de-France semble en&hellip;\n","protected":false},"author":2,"featured_media":558731,"comment_status":"","ping_status":"","sticky":false,"template":"","format":"standard","meta":{"footnotes":""},"categories":[1592],"tags":[1111,11,1777,674,1011,27,662,12,626,2551,25],"class_list":{"0":"post-558730","1":"post","2":"type-post","3":"status-publish","4":"format-standard","5":"has-post-thumbnail","7":"category-ile-de-france","8":"tag-actu","9":"tag-actualites","10":"tag-eu","11":"tag-europe","12":"tag-fr","13":"tag-france","14":"tag-ile-de-france","15":"tag-news","16":"tag-paris","17":"tag-patrimoine","18":"tag-republique-francaise"},"share_on_mastodon":{"url":"https:\/\/pubeurope.com\/@fr\/115613065973329606","error":""},"_links":{"self":[{"href":"https:\/\/www.europesays.com\/fr\/wp-json\/wp\/v2\/posts\/558730","targetHints":{"allow":["GET"]}}],"collection":[{"href":"https:\/\/www.europesays.com\/fr\/wp-json\/wp\/v2\/posts"}],"about":[{"href":"https:\/\/www.europesays.com\/fr\/wp-json\/wp\/v2\/types\/post"}],"author":[{"embeddable":true,"href":"https:\/\/www.europesays.com\/fr\/wp-json\/wp\/v2\/users\/2"}],"replies":[{"embeddable":true,"href":"https:\/\/www.europesays.com\/fr\/wp-json\/wp\/v2\/comments?post=558730"}],"version-history":[{"count":0,"href":"https:\/\/www.europesays.com\/fr\/wp-json\/wp\/v2\/posts\/558730\/revisions"}],"wp:featuredmedia":[{"embeddable":true,"href":"https:\/\/www.europesays.com\/fr\/wp-json\/wp\/v2\/media\/558731"}],"wp:attachment":[{"href":"https:\/\/www.europesays.com\/fr\/wp-json\/wp\/v2\/media?parent=558730"}],"wp:term":[{"taxonomy":"category","embeddable":true,"href":"https:\/\/www.europesays.com\/fr\/wp-json\/wp\/v2\/categories?post=558730"},{"taxonomy":"post_tag","embeddable":true,"href":"https:\/\/www.europesays.com\/fr\/wp-json\/wp\/v2\/tags?post=558730"}],"curies":[{"name":"wp","href":"https:\/\/api.w.org\/{rel}","templated":true}]}}