{"id":558732,"date":"2025-11-26T00:02:14","date_gmt":"2025-11-26T00:02:14","guid":{"rendered":"https:\/\/www.europesays.com\/fr\/558732\/"},"modified":"2025-11-26T00:02:14","modified_gmt":"2025-11-26T00:02:14","slug":"decouvrez-olaf-le-robot-disney-qui-va-bouleverser-disneyland-paris","status":"publish","type":"post","link":"https:\/\/www.europesays.com\/fr\/558732\/","title":{"rendered":"D\u00e9couvrez Olaf, le robot Disney qui va bouleverser Disneyland Paris"},"content":{"rendered":"<p class=\"mb-4 text-lg md:leading-8 break-words\">Disneyland Paris pr\u00e9sente un Olaf comme jamais le public n&rsquo;en a vu. Pas un simple animatronique, mais un personnage autonome, mobile, expressif, pens\u00e9 pour se comporter comme le v\u00e9ritable Olaf du film \u00ab\u00a0La Reine des neiges\u00a0\u00bb. Selon Kyle Laughlin, responsable de la R &amp; D chez Walt Disney Imagineering, chaque aspect a \u00e9t\u00e9 travaill\u00e9 pour le rendre \u00ab\u00a0vivant, curieux et compl\u00e8tement lui-m\u00eame\u00a0\u00bb, peut-on lire dans un <a href=\"https:\/\/disneyparksblog.com\/disney-experiences\/robotic-olaf-marks-new-era-of-disney-innovation\/\" rel=\"nofollow noopener\" target=\"_blank\" data-ylk=\"slk:communiqu\u00e9;elm:context_link;itc:0;sec:content-canvas\" class=\"link \">communiqu\u00e9<\/a>. Pour reproduire l\u2019effet \u00ab\u00a0neige\u00a0\u00bb du personnage, les ing\u00e9nieurs ont mis\u00e9 sur des fibres iris\u00e9es qui captent la lumi\u00e8re comme de vrais cristaux gel\u00e9s. Sa peau de neige n\u2019est pas rigide mais l\u00e9g\u00e8rement souple, ce qui permet au robot d\u2019afficher des micro-mouvements r\u00e9alistes lorsqu\u2019il marche ou se tourne.<\/p>\n<p class=\"mb-4 text-lg md:leading-8 break-words\">L\u2019innovation la plus spectaculaire r\u00e9side toutefois dans ses capacit\u00e9s dynamiques. Olaf est dot\u00e9 d\u2019une intelligence artificielle utilisant le \u00ab\u00a0deep learning\u00a0\u00bb, un proc\u00e9d\u00e9 qui lui permet d\u2019apprendre par essais et erreurs dans un environnement simul\u00e9. \u00ab\u00a0Cela lui permet d\u2019acqu\u00e9rir en un rien de temps des gestes que les humains mettent des ann\u00e9es \u00e0 ma\u00eetriser\u00a0\u00bb, explique M. Laughlin.<\/p>\n<p class=\"mb-4 text-lg md:leading-8 break-words\">R\u00e9sultat\u00a0: un Olaf capable de se d\u00e9placer avec \u00e9quilibre, d\u2019effectuer de petites rotations, des gestes de bras tr\u00e8s pr\u00e9cis, de se pencher, de lever la t\u00eate.<\/p>\n<p class=\"mb-4 text-lg md:leading-8 break-words\">Image<\/p>\n<p><img alt=\"\" loading=\"lazy\" width=\"480\" height=\"271\" decoding=\"async\" data-nimg=\"1\" class=\"rounded-lg\" style=\"color:transparent\" src=\"https:\/\/www.europesays.com\/fr\/wp-content\/uploads\/2025\/11\/7bf527da0890fb0edfd9b2c1b58e65c1.jpeg\"\/><\/p>\n<p class=\"mb-4 text-lg md:leading-8 break-words\"> Les articulations d&rsquo;Olaf   \u00a9 DR <\/p>\n<p class=\"mb-4 text-lg md:leading-8 break-words\">Le robot est \u00e9galement dot\u00e9 d\u2019un syst\u00e8me d\u2019articulation complet pour les yeux, les paupi\u00e8res, la bouche et m\u00eame la caro&#8230;<\/p>\n<p class=\"mb-4 text-lg md:leading-8 break-words\"><a href=\"https:\/\/www.parismatch.com\/actu\/societe\/decouvrez-olaf-le-robot-disney-qui-va-bouleverser-disneyland-paris-260665?at_medium=affiliate&amp;at_campaign=Yahoo\" rel=\"nofollow noopener\" target=\"_blank\" data-ylk=\"slk:Lire la suite sur ParisMatch;elm:context_link;itc:0;sec:content-canvas\" class=\"link \">Lire la suite sur ParisMatch<\/a><\/p>\n","protected":false},"excerpt":{"rendered":"Disneyland Paris pr\u00e9sente un Olaf comme jamais le public n&rsquo;en a vu. Pas un simple animatronique, mais un&hellip;\n","protected":false},"author":2,"featured_media":558733,"comment_status":"","ping_status":"","sticky":false,"template":"","format":"standard","meta":{"footnotes":""},"categories":[1888],"tags":[1111,1928,11,1927,4906,1777,674,1011,27,67589,7792,12,1926,67587,626,1925,25,67588],"class_list":{"0":"post-558732","1":"post","2":"type-post","3":"status-publish","4":"format-standard","5":"has-post-thumbnail","7":"category-paris","8":"tag-actu","9":"tag-actu-paris","10":"tag-actualites","11":"tag-actualites-paris","12":"tag-disneyland-paris","13":"tag-eu","14":"tag-europe","15":"tag-fr","16":"tag-france","17":"tag-kyle-laughlin","18":"tag-la-reine-des-neiges","19":"tag-news","20":"tag-news-paris","21":"tag-olaf","22":"tag-paris","23":"tag-paris-news","24":"tag-republique-francaise","25":"tag-walt-disney-imagineering"},"share_on_mastodon":{"url":"https:\/\/pubeurope.com\/@fr\/115613070553087815","error":""},"_links":{"self":[{"href":"https:\/\/www.europesays.com\/fr\/wp-json\/wp\/v2\/posts\/558732","targetHints":{"allow":["GET"]}}],"collection":[{"href":"https:\/\/www.europesays.com\/fr\/wp-json\/wp\/v2\/posts"}],"about":[{"href":"https:\/\/www.europesays.com\/fr\/wp-json\/wp\/v2\/types\/post"}],"author":[{"embeddable":true,"href":"https:\/\/www.europesays.com\/fr\/wp-json\/wp\/v2\/users\/2"}],"replies":[{"embeddable":true,"href":"https:\/\/www.europesays.com\/fr\/wp-json\/wp\/v2\/comments?post=558732"}],"version-history":[{"count":0,"href":"https:\/\/www.europesays.com\/fr\/wp-json\/wp\/v2\/posts\/558732\/revisions"}],"wp:featuredmedia":[{"embeddable":true,"href":"https:\/\/www.europesays.com\/fr\/wp-json\/wp\/v2\/media\/558733"}],"wp:attachment":[{"href":"https:\/\/www.europesays.com\/fr\/wp-json\/wp\/v2\/media?parent=558732"}],"wp:term":[{"taxonomy":"category","embeddable":true,"href":"https:\/\/www.europesays.com\/fr\/wp-json\/wp\/v2\/categories?post=558732"},{"taxonomy":"post_tag","embeddable":true,"href":"https:\/\/www.europesays.com\/fr\/wp-json\/wp\/v2\/tags?post=558732"}],"curies":[{"name":"wp","href":"https:\/\/api.w.org\/{rel}","templated":true}]}}