{"id":558734,"date":"2025-11-26T00:03:13","date_gmt":"2025-11-26T00:03:13","guid":{"rendered":"https:\/\/www.europesays.com\/fr\/558734\/"},"modified":"2025-11-26T00:03:13","modified_gmt":"2025-11-26T00:03:13","slug":"ligue-des-champions-tottenham-la-grosse-avarie-avant-paris","status":"publish","type":"post","link":"https:\/\/www.europesays.com\/fr\/558734\/","title":{"rendered":"Ligue des champions: Tottenham, la grosse avarie avant Paris"},"content":{"rendered":"<p class=\"mb-4 text-lg md:leading-8 break-words\">Tottenham et Thomas Frank naviguent en eaux troubles avant de d\u00e9fier le Paris SG mercredi, sonn\u00e9s par leur r\u00e9cent naufrage \u00e0 Arsenal o\u00f9 l&rsquo;option ultra-d\u00e9fensive choisie par l&rsquo;entra\u00eeneur des Spurs a \u00e9chou\u00e9 dans les grandes largeurs et fait na\u00eetre des doutes plus profonds.<\/p>\n<p class=\"mb-4 text-lg md:leading-8 break-words\">\u00ab\u00a0Une mentalit\u00e9 de petit club\u00a0\u00bb, voil\u00e0 comment le quotidien The Telegraph a d\u00e9peint l&rsquo;approche du Danois, avec cinq d\u00e9fenseurs au coup d&rsquo;envoi et aucune ambition offensive, lors du derby du Nord de Londres perdu 4 \u00e0 1, dimanche chez le voisin ennemi.<\/p>\n<p class=\"mb-4 text-lg md:leading-8 break-words\">Une telle d\u00e9b\u00e2cle, c&rsquo;\u00e9tait m\u00eame \u00ab\u00a0g\u00eanant \u00e0 voir\u00a0\u00bb pour Les Ferdinand, ex-joueur de Tottenham. \u00ab\u00a0L&rsquo;entra\u00eeneur s&rsquo;est tromp\u00e9 dans ses choix tactiques\u00a0\u00bb et il a \u00ab\u00a0envoy\u00e9 le mauvais message aux joueurs\u00a0\u00bb, venus subir les vagues d&rsquo;Arsenal, a-t-il analys\u00e9 sur Sky Sports.<\/p>\n<p class=\"mb-4 text-lg md:leading-8 break-words\">Admir\u00e9 pour son travail \u00e0 Brentford (2018-2025), qu&rsquo;il a fait monter puis stabilis\u00e9 en Premier League, Thomas Frank a fait le grand saut durant l&rsquo;\u00e9t\u00e9 en rejoignant Tottenham, un club de bien plus grande envergure, tout juste sacr\u00e9 en Ligue Europa.<\/p>\n<p class=\"mb-4 text-lg md:leading-8 break-words\">Et pour certains observateurs, il n&rsquo;a pas encore mesur\u00e9 les attentes et ambitions attach\u00e9es \u00e0 sa nouvelle mission. \u00ab\u00a0C&rsquo;est le probl\u00e8me \u00e0 chaque fois qu&rsquo;un entra\u00eeneur progresse dans sa carri\u00e8re et rejoint une \u00e9quipe de haut niveau\u00a0\u00bb, a tranch\u00e9 l&rsquo;ancien international Jamie Carragher, dimanche.<\/p>\n<p class=\"mb-4 text-lg md:leading-8 break-words\">&#8211; Formation d\u00e9fensive mais explosive &#8211;<\/p>\n<p class=\"mb-4 text-lg md:leading-8 break-words\">Les managers \u00ab\u00a0d&rsquo;\u00e9lite\u00a0\u00bb, a d\u00e9velopp\u00e9 le consultant sur Sky Sports, ne forment pas des \u00e9quipes \u00ab\u00a0difficiles \u00e0 battre parfois\u00a0\u00bb, mais faites \u00ab\u00a0pour gagner des matches, c&rsquo;est la grande diff\u00e9rence. Si vous n&rsquo;int\u00e9grez pas cela, vous ne resterez pas longtemps en poste\u00a0\u00bb.<\/p>\n<p class=\"mb-4 text-lg md:leading-8 break-words\">A sa d\u00e9charge, Frank n&rsquo;est l\u00e0 que depuis juin et l&rsquo;urgence consistait, \u00e0 son arriv\u00e9e, \u00e0 \u00e9quilibrer une formation tourn\u00e9e \u00e0 outrance vers l&rsquo;attaque sous la baguette de son pr\u00e9d\u00e9cesseur, Ange Postecoglou.<\/p>\n<p class=\"mb-4 text-lg md:leading-8 break-words\">Pourtant, c&rsquo;est au d\u00e9but de son mandat que les Spurs ont r\u00e9alis\u00e9 leurs performances les plus abouties contre des grosses \u00e9curies: en ao\u00fbt, face au Paris Saint-Germain en Supercoupe d&rsquo;Europe (d\u00e9faite aux tirs au but) et \u00e0 Manchester City en Premier League (victoire 2-0).<\/p>\n<p class=\"mb-4 text-lg md:leading-8 break-words\">Pour ces deux sommets, il avait opt\u00e9 pour une formation r\u00e9solument d\u00e9fensive mais explosive, d\u00e9termin\u00e9e \u00e0 piquer l&rsquo;adversaire en contre-attaque.<\/p>\n<p class=\"mb-4 text-lg md:leading-8 break-words\">A l&rsquo;entendre, c&rsquo;est d&rsquo;ailleurs le projet qu&rsquo;il esp\u00e9rait dupliquer \u00e0 l&rsquo;Emirates dimanche face \u00e0 Arsenal. \u00ab\u00a0Quand tu as une d\u00e9fense \u00e0 cinq, tu peux toujours \u00eatre offensifs de plusieurs mani\u00e8res. Mais aujourd&rsquo;hui, nous n&rsquo;avons pas r\u00e9ussi\u00a0\u00bb, a-t-il constat\u00e9.<\/p>\n<p class=\"mb-4 text-lg md:leading-8 break-words\">&#8211; \u00ab\u00a0Tr\u00e8s, tr\u00e8s intelligent!\u00a0\u00bb &#8211;<\/p>\n<p class=\"mb-4 text-lg md:leading-8 break-words\">Le syst\u00e8me importe moins que l&rsquo;animation, a-t-il insist\u00e9. Et, avec ironie, il a rappel\u00e9 que le passage \u00e0 une d\u00e9fense \u00e0 quatre, dimanche en seconde p\u00e9riode, n&rsquo;avait eu absolument aucun effet: \u00ab\u00a0J&rsquo;ai chang\u00e9 \u00e0 la mi-temps. Tr\u00e8s, tr\u00e8s intelligent! Une minute apr\u00e8s, ils marquaient le but du 3-0\u00a0\u00bb.<\/p>\n<p class=\"mb-4 text-lg md:leading-8 break-words\">L&rsquo;entra\u00eeneur penche plut\u00f4t pour la th\u00e9orie de l&rsquo;accident, une d\u00e9compression passag\u00e8re comme lors de la d\u00e9faite 1-0 contre Chelsea, d\u00e9but novembre \u00e0 domicile.<\/p>\n<p class=\"mb-4 text-lg md:leading-8 break-words\">Dans une saison, \u00ab\u00a0sur 60 matches, il y en aura peut-\u00eatre 10 \u00e0 12 parfaits, une trentaine de moyens et quelques-uns en dessous\u00a0\u00bb, comme ceux-l\u00e0, a-t-il plaid\u00e9 mardi depuis Paris. \u00ab\u00a0Une partie de mon travail consiste \u00e0 g\u00e9rer ces revers et \u00e0 en tirer des le\u00e7ons\u00a0\u00bb.<\/p>\n<p class=\"mb-4 text-lg md:leading-8 break-words\">Le PSG aurait tort dans tous les cas de sous-estimer les Londoniens. Car, malgr\u00e9 leurs d\u00e9boires passagers, il leur reste des armes bien rod\u00e9es comme sur phases arr\u00eat\u00e9es: corners, coups francs&#8230; et touches longues, avec l&rsquo;ancien Lensois Kevin Danso \u00e0 la manoeuvre.<\/p>\n<p class=\"mb-4 text-lg md:leading-8 break-words\">Le danger peut aussi venir d&rsquo;une initiative individuelle. Attention aux acc\u00e9l\u00e9rations de Mohammed Kudus, aux inspirations de Richarlison (auteur d&rsquo;un superbe lob contre Arsenal) ou aux d\u00e9passements de fonction de Micky van de Ven. Bon de la t\u00eate, le tr\u00e8s rapide d\u00e9fenseur central a sign\u00e9 un des buts de l&rsquo;ann\u00e9e au bout d&rsquo;une chevauch\u00e9e fantastique contre Copenhague (4-0) d\u00e9but novembre.<\/p>\n<p class=\"mb-4 text-lg md:leading-8 break-words\">jta\/bdx\/gk<\/p>\n","protected":false},"excerpt":{"rendered":"Tottenham et Thomas Frank naviguent en eaux troubles avant de d\u00e9fier le Paris SG mercredi, sonn\u00e9s par leur&hellip;\n","protected":false},"author":2,"featured_media":558735,"comment_status":"","ping_status":"","sticky":false,"template":"","format":"standard","meta":{"footnotes":""},"categories":[1888],"tags":[1111,1928,11,1927,1777,674,1011,27,67593,67592,67591,447,16663,67595,67594,12,1926,626,1925,93,25,67596,17464,67590,18015],"class_list":{"0":"post-558734","1":"post","2":"type-post","3":"status-publish","4":"format-standard","5":"has-post-thumbnail","7":"category-paris","8":"tag-actu","9":"tag-actu-paris","10":"tag-actualites","11":"tag-actualites-paris","12":"tag-eu","13":"tag-europe","14":"tag-fr","15":"tag-france","16":"tag-kevin-danso","17":"tag-lentraineur-2","18":"tag-les-ferdinand","19":"tag-ligue-des-champions","20":"tag-manchester-city","21":"tag-micky-van-de-ven","22":"tag-mohammed-kudus","23":"tag-news","24":"tag-news-paris","25":"tag-paris","26":"tag-paris-news","27":"tag-psg","28":"tag-republique-francaise","29":"tag-richarlison","30":"tag-sky-sports","31":"tag-thomas-frank","32":"tag-tottenham"},"share_on_mastodon":{"url":"https:\/\/pubeurope.com\/@fr\/115613073871819024","error":""},"_links":{"self":[{"href":"https:\/\/www.europesays.com\/fr\/wp-json\/wp\/v2\/posts\/558734","targetHints":{"allow":["GET"]}}],"collection":[{"href":"https:\/\/www.europesays.com\/fr\/wp-json\/wp\/v2\/posts"}],"about":[{"href":"https:\/\/www.europesays.com\/fr\/wp-json\/wp\/v2\/types\/post"}],"author":[{"embeddable":true,"href":"https:\/\/www.europesays.com\/fr\/wp-json\/wp\/v2\/users\/2"}],"replies":[{"embeddable":true,"href":"https:\/\/www.europesays.com\/fr\/wp-json\/wp\/v2\/comments?post=558734"}],"version-history":[{"count":0,"href":"https:\/\/www.europesays.com\/fr\/wp-json\/wp\/v2\/posts\/558734\/revisions"}],"wp:featuredmedia":[{"embeddable":true,"href":"https:\/\/www.europesays.com\/fr\/wp-json\/wp\/v2\/media\/558735"}],"wp:attachment":[{"href":"https:\/\/www.europesays.com\/fr\/wp-json\/wp\/v2\/media?parent=558734"}],"wp:term":[{"taxonomy":"category","embeddable":true,"href":"https:\/\/www.europesays.com\/fr\/wp-json\/wp\/v2\/categories?post=558734"},{"taxonomy":"post_tag","embeddable":true,"href":"https:\/\/www.europesays.com\/fr\/wp-json\/wp\/v2\/tags?post=558734"}],"curies":[{"name":"wp","href":"https:\/\/api.w.org\/{rel}","templated":true}]}}