{"id":558740,"date":"2025-11-26T00:06:28","date_gmt":"2025-11-26T00:06:28","guid":{"rendered":"https:\/\/www.europesays.com\/fr\/558740\/"},"modified":"2025-11-26T00:06:28","modified_gmt":"2025-11-26T00:06:28","slug":"trois-personnes-soupconnees-despionnage-et-dingerence-au-profit-de-la-russie-ecrouees-a-paris","status":"publish","type":"post","link":"https:\/\/www.europesays.com\/fr\/558740\/","title":{"rendered":"Trois personnes soup\u00e7onn\u00e9es d&rsquo;espionnage et d&rsquo;ing\u00e9rence au profit de la Russie \u00e9crou\u00e9es \u00e0 Paris"},"content":{"rendered":"\n<p class=\"c-chapo \">\n  L&rsquo;un des mis en examen, Vyacheslav P., un Russe de 40 ans, a \u00e9t\u00e9 reconnu par vid\u00e9osurveillance en train de coller d\u00e9but septembre ces affiches \u00e0 la gloire de la Russie, a pr\u00e9cis\u00e9 le parquet.\n<\/p>\n<p>      lire plus tard<\/p>\n<p id=\"dialog__title\" class=\"dialog__title\">Pour sauvegarder cet article, connectez-vous ou cr\u00e9ez un compte franceinfo<\/p>\n<p class=\"dialog__description\">Sans paiement. Sans abonnement.<\/p>\n<p>        Fermer la fen\u00eatre d\u2019activation des notifications France Info<\/p>\n<p>      cr\u00e9er votre compte<\/p>\n<p>      se connecter<\/p>\n<p>        Fermer la fen\u00eatre de pr\u00e9sentation<\/p>\n<p>    <img loading=\"lazy\" decoding=\"async\" class=\"signature__image lazyload\" width=\"100\" height=\"100\" data- alt=\"\" src=\"https:\/\/www.europesays.com\/fr\/wp-content\/uploads\/2025\/05\/64a68815cd1a7_placeholder-36b69ec8.png\"\/><\/p>\n<p>    Publi\u00e9 le 25\/11\/2025 22:35<\/p>\n<p>        Temps de lecture : 2min<\/p>\n<p>    <img decoding=\"async\"  alt=\"L'association qui servait selon les soup\u00e7ons de la DGSI de couverture \u00e0 ces activit\u00e9s d'espionnage et de d\u00e9stabilisation avait \u00e9t\u00e9 d\u00e9clar\u00e9e en septembre 2022 aupr\u00e8s de la pr\u00e9fecture des Pyr\u00e9n\u00e9es-Atlantiques. (KRISTIAN TUXEN LADEGAARD BERG \/ NURPHOTO \/ AFP)\" width=\"432\" height=\"243\" src=\"https:\/\/www.europesays.com\/fr\/wp-content\/uploads\/2025\/11\/075-berg-dailylif250820-npvnn-692620a2a9a75330939258.jpg\" fetchpriority=\"high\"\/><\/p>\n<p>      L&rsquo;association qui servait selon les soup\u00e7ons de la DGSI de couverture \u00e0 ces activit\u00e9s d&rsquo;espionnage et de d\u00e9stabilisation avait \u00e9t\u00e9 d\u00e9clar\u00e9e en septembre 2022 aupr\u00e8s de la pr\u00e9fecture des Pyr\u00e9n\u00e9es-Atlantiques. (KRISTIAN TUXEN LADEGAARD BERG \/ NURPHOTO \/ AFP)<\/p>\n<p>Trois personnes ont \u00e9t\u00e9 mises en examen et \u00e9crou\u00e9es \u00e0 Paris, mardi 25 novembre, dans le cadre d&rsquo;une double affaire : espionnage \u00e9conomique au profit de <a href=\"https:\/\/www.franceinfo.fr\/monde\/russie\/ce-navire-espion-russe-qui-continue-de-defier-londres_7638626.html\" target=\"_blank\" rel=\"noopener\">Moscou<\/a> et ing\u00e9rence apr\u00e8s la d\u00e9couverte d&rsquo;affiches prorusses sur l&rsquo;Arc de Triomphe.<\/p>\n<p>L&rsquo;un des mis en examen, Vyacheslav P., un Russe de 40 ans, a \u00e9t\u00e9 reconnu par vid\u00e9osurveillance en train de coller d\u00e9but septembre ces affiches \u00e0 la gloire de la Russie, a pr\u00e9cis\u00e9 le parquet, interrog\u00e9 sur des informations d\u00e9voil\u00e9es par <a href=\"https:\/\/www.leparisien.fr\/faits-divers\/sous-couvert-dactivites-humanitaires-une-russe-et-un-militant-francais-soupconnes-despionnage-pour-la-russie-25-11-2025-3RUFOKQOLVDBFNNXZALXOMTFRU.php\" target=\"_blank\" rel=\"noopener\">Le Parisien<\/a> et <a href=\"https:\/\/www.intelligenceonline.fr\/europe-russie\/2025\/11\/25\/soupcons-de-trahison-au-profit-de-la-russie--trois-membres-d-une-association-francaise-ecroues,110564909-art\" target=\"_blank\" rel=\"noopener\">Intelligence Online<\/a>.<\/p>\n<p>Il en aurait ensuite rendu compte au t\u00e9l\u00e9phone \u00e0 la fondatrice de l&rsquo;association, une Franco-Russe de 40 ans soup\u00e7onn\u00e9e d&rsquo;avoir approch\u00e9 des cadres d&rsquo;entreprises fran\u00e7aises pour obtenir des renseignements \u00e9conomiques.<\/p>\n<p>Celle-ci, Anna M., n\u00e9e en Russie, \u00e9tait depuis au moins le d\u00e9but de l&rsquo;ann\u00e9e dans le radar de la Direction g\u00e9n\u00e9rale de la s\u00e9curit\u00e9 int\u00e9rieure (DGSI), qui avait d\u00e9tect\u00e9 \u00ab\u00a0des agissements susceptibles de porter atteinte aux int\u00e9r\u00eats fondamentaux de la Nation\u00a0\u00bb, et conduit \u00e0 l&rsquo;ouverture d&rsquo;une enqu\u00eate pr\u00e9liminaire.<\/p>\n<p>Un juge d&rsquo;instruction a ensuite \u00e9t\u00e9 d\u00e9sign\u00e9, en mars, enqu\u00eatant notamment pour \u00ab\u00a0intelligence avec une puissance \u00e9trang\u00e8re\u00a0\u00bb, un d\u00e9lit puni de 10 ans d&#8217;emprisonnement. La troisi\u00e8me personne \u00e9crou\u00e9e est un homme de 63 ans n\u00e9 en Seine-Saint-Denis, Vincent P.<\/p>\n<p>Un quatri\u00e8me mis en examen, Bernard F., 58 ans, n\u00e9 \u00e0 Paris, a pu pour sa part \u00e9chapper \u00e0 la d\u00e9tention provisoire. Mais il a \u00e9t\u00e9 plac\u00e9 sous un strict contr\u00f4le judiciaire, qui l&rsquo;oblige \u00e0 pointer une fois par semaine au commissariat et remettre ses papiers d&rsquo;identit\u00e9, mais lui interdit aussi toute activit\u00e9 associative en lien avec \u00ab\u00a0la politique internationale de la France, la politique de la Russie ou l&rsquo;aide aux personnes en raison du conflit arm\u00e9 russo-ukrainien\u00a0\u00bb.<\/p>\n<p>L&rsquo;association, qui servait selon les soup\u00e7ons de la DGSI de couverture \u00e0 ces activit\u00e9s d&rsquo;espionnage et de d\u00e9stabilisation, baptis\u00e9e SOS Donbass pour \u00ab\u00a0Sud Ouest solidarit\u00e9 Donbass\u00a0\u00bb, avait \u00e9t\u00e9 d\u00e9clar\u00e9e en septembre 2022 aupr\u00e8s de la pr\u00e9fecture des Pyr\u00e9n\u00e9es-Atlantiques. Elle se pr\u00e9sente comme une organisation d&rsquo;aide humanitaire aux civils de cette r\u00e9gion d&rsquo;Ukraine d\u00e9chir\u00e9e par la guerre.<\/p>\n","protected":false},"excerpt":{"rendered":"L&rsquo;un des mis en examen, Vyacheslav P., un Russe de 40 ans, a \u00e9t\u00e9 reconnu par vid\u00e9osurveillance en&hellip;\n","protected":false},"author":2,"featured_media":558741,"comment_status":"","ping_status":"","sticky":false,"template":"","format":"standard","meta":{"footnotes":""},"categories":[1591],"tags":[11,1887,12,1885,1886,132],"class_list":{"0":"post-558740","1":"post","2":"type-post","3":"status-publish","4":"format-standard","5":"has-post-thumbnail","7":"category-russie","8":"tag-actualites","9":"tag-federation-de-russie","10":"tag-news","11":"tag-russia","12":"tag-russian-federation","13":"tag-russie"},"share_on_mastodon":{"url":"https:\/\/pubeurope.com\/@fr\/115613086192485402","error":""},"_links":{"self":[{"href":"https:\/\/www.europesays.com\/fr\/wp-json\/wp\/v2\/posts\/558740","targetHints":{"allow":["GET"]}}],"collection":[{"href":"https:\/\/www.europesays.com\/fr\/wp-json\/wp\/v2\/posts"}],"about":[{"href":"https:\/\/www.europesays.com\/fr\/wp-json\/wp\/v2\/types\/post"}],"author":[{"embeddable":true,"href":"https:\/\/www.europesays.com\/fr\/wp-json\/wp\/v2\/users\/2"}],"replies":[{"embeddable":true,"href":"https:\/\/www.europesays.com\/fr\/wp-json\/wp\/v2\/comments?post=558740"}],"version-history":[{"count":0,"href":"https:\/\/www.europesays.com\/fr\/wp-json\/wp\/v2\/posts\/558740\/revisions"}],"wp:featuredmedia":[{"embeddable":true,"href":"https:\/\/www.europesays.com\/fr\/wp-json\/wp\/v2\/media\/558741"}],"wp:attachment":[{"href":"https:\/\/www.europesays.com\/fr\/wp-json\/wp\/v2\/media?parent=558740"}],"wp:term":[{"taxonomy":"category","embeddable":true,"href":"https:\/\/www.europesays.com\/fr\/wp-json\/wp\/v2\/categories?post=558740"},{"taxonomy":"post_tag","embeddable":true,"href":"https:\/\/www.europesays.com\/fr\/wp-json\/wp\/v2\/tags?post=558740"}],"curies":[{"name":"wp","href":"https:\/\/api.w.org\/{rel}","templated":true}]}}