{"id":558742,"date":"2025-11-26T00:07:20","date_gmt":"2025-11-26T00:07:20","guid":{"rendered":"https:\/\/www.europesays.com\/fr\/558742\/"},"modified":"2025-11-26T00:07:20","modified_gmt":"2025-11-26T00:07:20","slug":"comment-steve-witkoff-a-donne-des-conseils-a-moscou-pour-sadresser-a-trump-selon-bloomberg","status":"publish","type":"post","link":"https:\/\/www.europesays.com\/fr\/558742\/","title":{"rendered":"comment Steve Witkoff a donn\u00e9 des conseils \u00e0 Moscou pour s\u2019adresser \u00e0 Trump, selon Bloomberg"},"content":{"rendered":"<p>\n    L\u2019agence de presse am\u00e9ricaine a publi\u00e9 la transcription d\u2019un \u00e9change du 14 octobre entre l\u2019ancien homme d\u2019affaires et Iouri Ouchakov, conseiller du pr\u00e9sident russe.<\/p>\n<p class=\"fig-paragraph\"><a href=\"http:\/\/www.lefigaro.fr\/international\/otages-israeliens-ukraine-iran-steve-witkoff-l-emissaire-a-tout-faire-de-donald-trump-20250413\" target=\"_blank\" data-fig-type=\"Article\" rel=\"noopener\" data-gtm-custom-categorie=\"navigation\" data-gtm-custom-action=\"crossclick\" data-gtm-custom-label=\"Contextuel\" data-gtm-event=\"customEventSPE\" data-fig-domain=\"LEFIGARO\">Steve Witkoff<\/a>, \u00e9missaire sp\u00e9cial de Donald Trump, a donn\u00e9 des conseils \u00e0 un conseiller de Vladimir Poutine sur la mani\u00e8re de dialoguer avec le pr\u00e9sident am\u00e9ricain sur le conflit en Ukraine, selon une conversation t\u00e9l\u00e9phonique r\u00e9v\u00e9l\u00e9e mardi par Bloomberg.<\/p>\n<p class=\"fig-paragraph\">\u00abCette histoire prouve une chose\u00a0: l\u2019\u00e9missaire sp\u00e9cial Witkoff parle \u00e0 des responsables \u00e0 la fois en Russie et en Ukraine presque chaque jour pour obtenir la paix, ce qui est exactement ce pour quoi le pr\u00e9sident Trump l\u2019a nomm\u00e9\u00bb, a r\u00e9agi le directeur de communication de la Maison-Blanche Steven Cheung, dans une d\u00e9claration transmise \u00e0 l\u2019AFP.<\/p>\n<p>                                    <a class=\"fig-a11y-skip a11y-hidden\" href=\"#fig-a11y-skip-main-inarticle\"><br \/>\n        Passer la publicit\u00e9<br \/>\n    <\/a><\/p>\n<p class=\"fig-paragraph\">L&rsquo;agence de presse am\u00e9ricaine Bloomberg a publi\u00e9 la retranscription d&rsquo;un \u00e9change du 14 octobre entre l&rsquo;ancien homme d&rsquo;affaires et Iouri Ouchakov, conseiller diplomatique du pr\u00e9sident russe, dans lequel est \u00e9voqu\u00e9\u00a0<a href=\"http:\/\/www.lefigaro.fr\/international\/plan-de-paix-pour-l-ukraine-que-contient-le-communique-de-washington-et-de-kiev-publie-dimanche-soir-20251124\" target=\"_blank\" data-fig-type=\"NewsFlash\" rel=\"noopener\" data-gtm-custom-categorie=\"navigation\" data-gtm-custom-action=\"crossclick\" data-gtm-custom-label=\"Contextuel\" data-gtm-event=\"customEventSPE\" data-fig-domain=\"LEFIGARO\">un futur plan de r\u00e8glement du conflit en Ukraine<\/a>, inspir\u00e9 de celui annonc\u00e9 peu auparavant pour mettre fin \u00e0 la guerre \u00e0 Gaza.<\/p>\n<p>\u00abJe sais ce qu\u2019il faudra pour conclure un plan de paix\u00bb<\/p>\n<p class=\"fig-paragraph\">Selon ce document, Steve Witkoff sugg\u00e8re un appel t\u00e9l\u00e9phonique entre Donald Trump et Vladimir Poutine, lors duquel ce dernier \u00abf\u00e9liciterait le pr\u00e9sident (am\u00e9ricain) pour ce succ\u00e8s\u00bb. L&rsquo;\u00e9missaire sp\u00e9cial am\u00e9ricain, selon la m\u00eame source, conseille que cet \u00e9change ait lieu avant une visite \u00e0 la Maison-Blanche du pr\u00e9sident ukrainien Volodymyr Zelensky, pr\u00e9vue le 17 octobre. \u00abJ&rsquo;ai dit au pr\u00e9sident que vous, que la F\u00e9d\u00e9ration de Russie a toujours voulu un accord de paix. C&rsquo;est ce que je crois\u00bb, d\u00e9clare aussi Steve Witkoff, selon cette retranscription, en \u00e9voquant \u00abun projet de paix en vingt points, comme nous avons fait pour Gaza\u00bb. \u00abIl le f\u00e9licitera, il dira que M. Trump est vraiment un homme de paix\u00bb, intervient son interlocuteur russe, faisant r\u00e9f\u00e9rence \u00e0 Vladimir Poutine. \u00abBon, de vous \u00e0 moi, je sais ce qu\u2019il faudra pour conclure un plan de paix\u00a0: Donetsk et un \u00e9change de territoire quelque part\u00bb, dit encore Steve Witkoff, en r\u00e9f\u00e9rence \u00e0 la r\u00e9gion de l\u2019est de l\u2019Ukraine r\u00e9clam\u00e9e par la Russie.<\/p>\n<p class=\"fig-body-link\">\n            \u00c0 lire aussi<br \/>\n        <a class=\"fig-body-link__link fig-premium-mark\" href=\"http:\/\/www.lefigaro.fr\/international\/otages-israeliens-ukraine-iran-steve-witkoff-l-emissaire-a-tout-faire-de-donald-trump-20250413\" target=\"_blank\" data-fig-type=\"Article\" rel=\"noopener\" data-gtm-custom-categorie=\"navigation\" data-gtm-custom-action=\"crossclick\" data-gtm-custom-label=\"Contextuel\" data-gtm-event=\"customEventSPE\" data-fig-domain=\"LEFIGARO\"><\/p>\n<p>        Otages isra\u00e9liens, Ukraine, Iran&#8230; Steve Witkoff, l\u2019\u00ab\u00a0\u00e9missaire \u00e0 tout faire\u00a0\u00bb de Donald Trump<br \/>\n    <\/a>\n<\/p>\n<p class=\"fig-paragraph\">L&rsquo;appel t\u00e9l\u00e9phonique entre Donald Trump et son homologue russe a eu lieu le 16 octobre 2025, \u00e0 la veille de la visite de Volodymyr Zelensky. Le pr\u00e9sident am\u00e9ricain avait assur\u00e9 que \u00abde grands progr\u00e8s\u00bb avaient \u00e9t\u00e9 faits lors de cette conversation. Peu auparavant, il se disait \u00abtr\u00e8s d\u00e9\u00e7u\u00bb par le pr\u00e9sident russe.<\/p>\n<p class=\"fig-paragraph\">Le 21 novembre, les \u00c9tats-Unis ont propos\u00e9 un plan de paix pour l&rsquo;Ukraine jug\u00e9 tr\u00e8s favorable \u00e0 la Russie. Il a depuis \u00e9t\u00e9 amend\u00e9, pour parvenir \u00e0 une nouvelle version \u00absignificativement meilleure\u00bb pour Kiev, et dont Steve Witkoff va aller discuter avec Vladimir Poutine \u00e0 Moscou, \u00e0 la demande de Donald Trump.<\/p>\n<p>\u00abJe vais le faire circuler de mani\u00e8re informelle\u00bb<\/p>\n<p class=\"fig-paragraph\">Bloomberg a publi\u00e9 la retranscription d\u2019une autre conversation, entre Iouri Ouchakov et un \u00e9missaire du Kremlin pour les questions \u00e9conomiques, Kirill Dmitriev, tr\u00e8s impliqu\u00e9 dans les discussions avec des responsables am\u00e9ricains. L\u2019\u00e9change a eu lieu le 29 octobre selon l\u2019agence am\u00e9ricaine, qui la retranscrit en anglais et dans sa version originale, en russe.<\/p>\n<p>                                    <a class=\"fig-a11y-skip a11y-hidden\" href=\"#fig-a11y-skip-main-inarticle_mtf\"><br \/>\n        Passer la publicit\u00e9<br \/>\n    <\/a><\/p>\n<p class=\"fig-paragraph\">\u00abJe pense que nous allons faire ce papier \u00e0 propos de notre position, et je vais le faire circuler de mani\u00e8re informelle\u00bb, d\u00e9clare Kirill Dmitriev. \u00abJe ne pense pas qu\u2019ils prendront exactement notre version mais au moins ce sera aussi proche que possible\u00bb, poursuit-il, dans ce qui semble \u00eatre une r\u00e9f\u00e9rence \u00e0 des responsables am\u00e9ricains.<\/p>\n<p class=\"fig-paragraph\">Le site Axios a rapport\u00e9 que Kirill Dmitriev avait pass\u00e9 trois jours avec Steve Witkoff et d\u2019autres responsables am\u00e9ricains \u00e0 Miami (Floride, sud), du 24 au 26 octobre.<\/p>\n","protected":false},"excerpt":{"rendered":"L\u2019agence de presse am\u00e9ricaine a publi\u00e9 la transcription d\u2019un \u00e9change du 14 octobre entre l\u2019ancien homme d\u2019affaires et&hellip;\n","protected":false},"author":2,"featured_media":558743,"comment_status":"","ping_status":"","sticky":false,"template":"","format":"standard","meta":{"footnotes":""},"categories":[1590],"tags":[259,11,260,1777,674,14,261,12,262,220],"class_list":{"0":"post-558742","1":"post","2":"type-post","3":"status-publish","4":"format-standard","5":"has-post-thumbnail","7":"category-ukraine","8":"tag-actualite-internationale","9":"tag-actualites","10":"tag-affaires-etrangeres","11":"tag-eu","12":"tag-europe","13":"tag-international","14":"tag-ministere-des-affaires-etrangeres","15":"tag-news","16":"tag-politique-etrangere","17":"tag-ukraine"},"share_on_mastodon":{"url":"https:\/\/pubeurope.com\/@fr\/115613089439463278","error":""},"_links":{"self":[{"href":"https:\/\/www.europesays.com\/fr\/wp-json\/wp\/v2\/posts\/558742","targetHints":{"allow":["GET"]}}],"collection":[{"href":"https:\/\/www.europesays.com\/fr\/wp-json\/wp\/v2\/posts"}],"about":[{"href":"https:\/\/www.europesays.com\/fr\/wp-json\/wp\/v2\/types\/post"}],"author":[{"embeddable":true,"href":"https:\/\/www.europesays.com\/fr\/wp-json\/wp\/v2\/users\/2"}],"replies":[{"embeddable":true,"href":"https:\/\/www.europesays.com\/fr\/wp-json\/wp\/v2\/comments?post=558742"}],"version-history":[{"count":0,"href":"https:\/\/www.europesays.com\/fr\/wp-json\/wp\/v2\/posts\/558742\/revisions"}],"wp:featuredmedia":[{"embeddable":true,"href":"https:\/\/www.europesays.com\/fr\/wp-json\/wp\/v2\/media\/558743"}],"wp:attachment":[{"href":"https:\/\/www.europesays.com\/fr\/wp-json\/wp\/v2\/media?parent=558742"}],"wp:term":[{"taxonomy":"category","embeddable":true,"href":"https:\/\/www.europesays.com\/fr\/wp-json\/wp\/v2\/categories?post=558742"},{"taxonomy":"post_tag","embeddable":true,"href":"https:\/\/www.europesays.com\/fr\/wp-json\/wp\/v2\/tags?post=558742"}],"curies":[{"name":"wp","href":"https:\/\/api.w.org\/{rel}","templated":true}]}}