{"id":558744,"date":"2025-11-26T00:08:22","date_gmt":"2025-11-26T00:08:22","guid":{"rendered":"https:\/\/www.europesays.com\/fr\/558744\/"},"modified":"2025-11-26T00:08:22","modified_gmt":"2025-11-26T00:08:22","slug":"le-chef-du-pentagone-sera-mercredi-en-republique-dominicaine-liberation","status":"publish","type":"post","link":"https:\/\/www.europesays.com\/fr\/558744\/","title":{"rendered":"le chef du Pentagone sera mercredi en R\u00e9publique dominicaine \u2013 Lib\u00e9ration"},"content":{"rendered":"<p class=\"sc-cPiKLX AiZTS text-element\">Le d\u00e9but de l\u2019apaisement ? Le ministre am\u00e9ricain de la D\u00e9fense, <a href=\"https:\/\/www.liberation.fr\/international\/amerique\/etats-unis-pete-hegseth-un-veteran-de-larmee-et-de-fox-news-accuse-dagression-sexuelle-confirme-a-la-tete-du-pentagone-20250125_EFJ6MC42PRBEDJTEGAQ6ZEX6JE\/\" target=\"_blank\" rel=\"noreferrer noopener\" title=\"https:\/\/www.liberation.fr\/international\/amerique\/etats-unis-pete-hegseth-un-veteran-de-larmee-et-de-fox-news-accuse-dagression-sexuelle-confirme-a-la-tete-du-pentagone-20250125_EFJ6MC42PRBEDJTEGAQ6ZEX6JE\/\">Pete Hegseth<\/a>, doit effectuer mercredi 26 novembre une visite en R\u00e9publique dominicaine, \u00eele situ\u00e9e non loin du Venezuela, a-t-on appris ce mardi 25 novembre aupr\u00e8s de l\u2019ambassade am\u00e9ricaine \u00e0 Saint-Domingue. Cette visite du chef du Pentagone intervient alors que les Etats-Unis ont d\u00e9ploy\u00e9 le plus grand porte-avions du monde dans les Cara\u00efbes, ainsi qu\u2019une flottille de navires de guerre et d\u2019avions de chasse, dans le cadre d\u2019op\u00e9rations antidrogue, visant particuli\u00e8rement le Venezuela.<\/p>\n<p class=\"sc-cPiKLX AiZTS text-element\">Le pr\u00e9sident am\u00e9ricain Donald Trump souffle le chaud et le froid sur la possibilit\u00e9 de frappes sur le territoire v\u00e9n\u00e9zu\u00e9lien. Il a autoris\u00e9 des actions clandestines de la CIA au Venezuela et rappel\u00e9 qu\u2019il n\u2019excluait pas une intervention militaire, tout en assurant qu\u2019il allait parler avec le chef de l\u2019Etat v\u00e9n\u00e9zu\u00e9lien Nicol\u00e1s Maduro.<\/p>\n<p class=\"sc-cPiKLX AiZTS text-element\">Fid\u00e8le alli\u00e9e de Washington, la R\u00e9publique dominicaine a coop\u00e9r\u00e9 avec les Etats-Unis dans le cadre de l\u2019op\u00e9ration antidrogue lanc\u00e9e par Washington en ao\u00fbt. L\u2019administration Trump a proc\u00e9d\u00e9 depuis septembre \u00e0 une vingtaine de frappes a\u00e9riennes dans les Cara\u00efbes et le Pacifique contre des bateaux de narcotrafiquants pr\u00e9sum\u00e9s, tuant au moins 83 personnes.<\/p>\n<p class=\"sc-cPiKLX AiZTS text-element\">Le chef d\u2019\u00e9tat-major am\u00e9ricain, le g\u00e9n\u00e9ral Dan Caine, \u00e9tait lui ce mardi en visite \u00e0 Trinit\u00e9-et-Tobago, petit archipel anglophone situ\u00e9 \u00e0 une dizaine de kilom\u00e8tres des c\u00f4tes v\u00e9n\u00e9zu\u00e9liennes.<\/p>\n<p class=\"sc-cPiKLX AiZTS text-element\">Le pr\u00e9sident dominicain, Luis Abinader, avait annonc\u00e9 la veille, sans donner de date, que Pete Hegseth \u00e9tait attendu : \u00abNous continuons \u00e0 travailler avec les Etats-Unis, car il s\u2019agit d\u2019une lutte [contre le narcotrafic] intense, notamment dans certains pays, principalement en Am\u00e9rique du Sud, o\u00f9 la production de stup\u00e9fiants, en particulier de coca\u00efne, a augment\u00e9.\u00bb<\/p>\n<p class=\"sc-cPiKLX AiZTS text-element\">Les autorit\u00e9s v\u00e9n\u00e9zu\u00e9liennes, qui assurent que le pays n\u2019est pas producteur et lutte contre le trafic de coca\u00efne, affirment que le d\u00e9ploiement am\u00e9ricain est un pr\u00e9texte pour renverser Nicol\u00e1s Maduro et s\u2019emparer des r\u00e9serves p\u00e9troli\u00e8res du pays.<\/p>\n","protected":false},"excerpt":{"rendered":"Le d\u00e9but de l\u2019apaisement ? Le ministre am\u00e9ricain de la D\u00e9fense, Pete Hegseth, doit effectuer mercredi 26 novembre&hellip;\n","protected":false},"author":2,"featured_media":558745,"comment_status":"","ping_status":"","sticky":false,"template":"","format":"standard","meta":{"footnotes":""},"categories":[1589],"tags":[11,75,73,1866,12,9334,1864,1865,1863,308,337],"class_list":{"0":"post-558744","1":"post","2":"type-post","3":"status-publish","4":"format-standard","5":"has-post-thumbnail","7":"category-etats-unis","8":"tag-actualites","9":"tag-donald-trump","10":"tag-etats-unis","11":"tag-etats-unis-damerique","12":"tag-news","13":"tag-republique-dominicaine","14":"tag-united-states","15":"tag-united-states-of-america","16":"tag-us","17":"tag-usa","18":"tag-venezuela"},"share_on_mastodon":{"url":"https:\/\/pubeurope.com\/@fr\/115613093359105956","error":""},"_links":{"self":[{"href":"https:\/\/www.europesays.com\/fr\/wp-json\/wp\/v2\/posts\/558744","targetHints":{"allow":["GET"]}}],"collection":[{"href":"https:\/\/www.europesays.com\/fr\/wp-json\/wp\/v2\/posts"}],"about":[{"href":"https:\/\/www.europesays.com\/fr\/wp-json\/wp\/v2\/types\/post"}],"author":[{"embeddable":true,"href":"https:\/\/www.europesays.com\/fr\/wp-json\/wp\/v2\/users\/2"}],"replies":[{"embeddable":true,"href":"https:\/\/www.europesays.com\/fr\/wp-json\/wp\/v2\/comments?post=558744"}],"version-history":[{"count":0,"href":"https:\/\/www.europesays.com\/fr\/wp-json\/wp\/v2\/posts\/558744\/revisions"}],"wp:featuredmedia":[{"embeddable":true,"href":"https:\/\/www.europesays.com\/fr\/wp-json\/wp\/v2\/media\/558745"}],"wp:attachment":[{"href":"https:\/\/www.europesays.com\/fr\/wp-json\/wp\/v2\/media?parent=558744"}],"wp:term":[{"taxonomy":"category","embeddable":true,"href":"https:\/\/www.europesays.com\/fr\/wp-json\/wp\/v2\/categories?post=558744"},{"taxonomy":"post_tag","embeddable":true,"href":"https:\/\/www.europesays.com\/fr\/wp-json\/wp\/v2\/tags?post=558744"}],"curies":[{"name":"wp","href":"https:\/\/api.w.org\/{rel}","templated":true}]}}