{"id":558753,"date":"2025-11-26T00:13:13","date_gmt":"2025-11-26T00:13:13","guid":{"rendered":"https:\/\/www.europesays.com\/fr\/558753\/"},"modified":"2025-11-26T00:13:13","modified_gmt":"2025-11-26T00:13:13","slug":"affaire-legrand-cohen-chaines-bollore-le-patron-de-larcom-bouscule-en-commission-denquete","status":"publish","type":"post","link":"https:\/\/www.europesays.com\/fr\/558753\/","title":{"rendered":"Affaire Legrand-Cohen, cha\u00eenes Bollor\u00e9&#8230; Le patron de l\u2019Arcom bouscul\u00e9 en commission d\u2019enqu\u00eate"},"content":{"rendered":"<p>        <img decoding=\"async\" loading=\"lazy\" src=\"https:\/\/www.europesays.com\/fr\/wp-content\/uploads\/2025\/11\/1968f08_sirius-fs-upload-1-ar7jushlfjfe-1744989981201-000-338g333.jpg\"  width=\"728\" height=\"409\" alt=\"Le pr\u00e9sident de l\u2019Arcom a \u00e9t\u00e9 le premier interrog\u00e9 ce mardi 25\u00a0novembre lors de la commission d\u2019enqu\u00eate sur la t\u00e9l\u00e9 et la radio publiques. (Photo d\u2019illustration) \"\/>  <\/p>\n<p>LUDOVIC MARIN \/ AFP<\/p>\n<p>Le pr\u00e9sident de l\u2019Arcom a \u00e9t\u00e9 le premier interrog\u00e9 ce mardi 25\u00a0novembre lors de la commission d\u2019enqu\u00eate sur la t\u00e9l\u00e9 et la radio publiques. (Photo d\u2019illustration) <\/p>\n<p class=\"asset asset-text\">Mis sur le gril. Des d\u00e9put\u00e9s de droite et du RN ont donn\u00e9 le ton ce mardi 25\u00a0novembre au coup d\u2019envoi de la <a href=\"https:\/\/www.huffingtonpost.fr\/politique\/article\/eric-ciotti-va-faire-tres-plaisir-a-la-sphere-bollore-avec-cette-commission-d-enquete_256263.html\" target=\"_blank\" rel=\"noopener\">commission d\u2019enqu\u00eate sur la t\u00e9l\u00e9 et la radio publiques<\/a> en soumettant le patron du r\u00e9gulateur, l\u2019Arcom, \u00e0 un feu roulant de questions sur leur neutralit\u00e9.<\/p>\n<p class=\"asset asset-text\">Du traitement de l\u2019<a href=\"https:\/\/www.huffingtonpost.fr\/politique\/article\/pourquoi-la-video-legrand-cohen-avec-le-ps-a-tout-pour-declencher-une-bronca-opportuniste_254488.html\" target=\"_blank\" rel=\"noopener\">affaire Legrand-Cohen<\/a> \u00e0 une suppos\u00e9e s\u00e9v\u00e9rit\u00e9 accrue de son instance contre les cha\u00eenes de la sph\u00e8re Bollor\u00e9, le<a href=\"https:\/\/www.huffingtonpost.fr\/medias\/article\/martin-ajdari-president-de-l-arcom-emmanuel-macron-a-fait-son-choix-pour-succeder-a-roch-olivier-maistre_242884.html\" target=\"_blank\" rel=\"noopener\"> pr\u00e9sident de l\u2019Arcom<\/a>, Martin Ajdari, a ouvert le bal des auditions de cette commission en r\u00e9pondant pendant deux heures aux parlementaires qui ne l\u2019ont pas m\u00e9nag\u00e9.<\/p>\n<p class=\"asset asset-text\">D\u00e9cid\u00e9e dans la foul\u00e9e de la pol\u00e9mique autour des deux journalistes du service public Thomas Legrand et Patrick Cohen, accus\u00e9s de connivence avec le PS, la commission d\u2019enqu\u00eate s\u2019ouvre dans une p\u00e9riode tendue pour les stations de l\u2019audiovisuel public, sur fond de guerre ouverte avec les m\u00e9dias Bollor\u00e9, qui les accusent de pencher trop \u00e0 gauche, et de perspectives budg\u00e9taires difficiles, en particulier pour France T\u00e9l\u00e9visions.<\/p>\n<p>    \u00ab\u00a0R\u00f4le central\u00a0\u00bb du service public    <\/p>\n<p class=\"asset asset-text\">Dans ce contexte, Martin Ajdari s\u2019est dit \u00ab\u00a0convaincu\u00a0\u00bb, dans son introduction, \u00ab\u00a0du r\u00f4le central\u00a0\u00bb que le service public de l\u2019audiovisuel \u00ab\u00a0doit jouer, que ce soit pour garantir le pluralisme au c\u00f4t\u00e9 des groupes priv\u00e9s, les conditions du d\u00e9bat d\u00e9mocratique et la confrontation des id\u00e9es\u00a0\u00bb notamment.<\/p>\n<p class=\"asset asset-text\">\u00ab\u00a0Appartenant \u00e0 tous et financ\u00e9 par tous, le service public doit s\u2019adresser \u00e0 tous et jouer un r\u00f4le f\u00e9d\u00e9rateur\u00a0\u00bb, a-t-il insist\u00e9, un r\u00f4le selon lui encore plus important dans \u00ab\u00a0une soci\u00e9t\u00e9 qui se polarise et qui se fragmente\u00a0\u00bb.<\/p>\n<p class=\"asset asset-text\">Mais rapidement, les \u00e9changes se sont cors\u00e9s, en particulier avec le rapporteur Charles Alloncle, membre du groupe UDR d\u2019\u00c9ric Ciotti, alli\u00e9 du RN et \u00e0 l\u2019origine de la commission d\u2019enqu\u00eate. Ce dernier a pos\u00e9 plusieurs questions sur une possible diff\u00e9rence de traitement par l\u2019Arcom entre France Inter et les cha\u00eenes de la sph\u00e8re Bollor\u00e9 comme CNews ou C8, dont la fr\u00e9quence n\u2019a pas \u00e9t\u00e9 renouvel\u00e9e.<\/p>\n<p>    D\u00e9fense sur l\u2019affaire Legrand-Cohen    <\/p>\n<p class=\"asset asset-text\">\u00ab\u00a0Vous ne comprenez pas l\u2019indignation\u00a0?\u00a0\u00bb au sujet de l\u2019affaire Legrand-Cohen, a questionn\u00e9 Charles Alloncle. Martin Ajdari lui a r\u00e9pondu qu\u2019il faudrait \u00eatre \u00ab\u00a0sourd ou aveugle pour ne pas voir (l\u2019)\u00e9moi\u00a0\u00bb provoqu\u00e9, qu\u2019il a qualifi\u00e9 de \u00ab\u00a0manifeste\u00a0\u00bb, apr\u00e8s la diffusion, d\u00e9but septembre, d\u2019une vid\u00e9o montrant les deux \u00e9ditorialistes au restaurant avec deux responsables du PS.<\/p>\n<p class=\"asset asset-text\">Mais le dirigeant de l\u2019Arcom a rappel\u00e9 que Thomas Legrand, dont les propos capt\u00e9s dans la vid\u00e9o (Rachida \u00ab\u00a0Dati, on s\u2019en occupe\u00a0\u00bb) ont fait pol\u00e9mique, a \u00e9t\u00e9 suspendu de l\u2019antenne par France Inter, et que Patrick Cohen \u00ab\u00a0n\u2019a pas tenu de tels propos\u00a0\u00bb.<\/p>\n<p class=\"asset asset-text\">Philippe Ballard (RN) a poursuivi l\u2019offensive en accusant certains programmes d\u2019hostilit\u00e9 ouverte \u00e0 son parti.<\/p>\n<p class=\"asset asset-text\">Questionn\u00e9 sur de possibles conflits d\u2019int\u00e9r\u00eats, Martin Ajdari a aussi d\u00fb s\u2019expliquer sur des \u00e9l\u00e9ments de sa vie priv\u00e9e.<\/p>\n<p>                     Une \u00ab\u00a0cinquantaine d\u2019auditions\u00a0\u00bb    <\/p>\n<p class=\"asset asset-text\">L\u2019audiovisuel public est accus\u00e9 par une partie de la droite et le Rassemblement national, dont des dirigeants souhaitent la privatisation, de partialit\u00e9 en faveur de la gauche. De leur c\u00f4t\u00e9, Radio France et France T\u00e9l\u00e9visions ont r\u00e9cemment assign\u00e9 CNews, Europe 1 et le JDD, des m\u00e9dias dans le giron du milliardaire conservateur Vincent Bollor\u00e9, devant le tribunal des activit\u00e9s \u00e9conomiques pour \u00ab\u00a0d\u00e9nigrement\u00a0\u00bb.<\/p>\n<p class=\"asset asset-text\">Face aux craintes exprim\u00e9es \u00e0 gauche d\u2019une \u00ab\u00a0instrumentalisation\u00a0\u00bb de la commission d\u2019enqu\u00eate, son pr\u00e9sident J\u00e9r\u00e9mie Patrier-Leitus (Horizons) a promis qu\u2019il n\u2019y aurait aucun \u00ab\u00a0tabou\u00a0\u00bb mais pas non plus de \u00ab\u00a0proc\u00e8s \u00e0 charge\u00a0\u00bb. \u00ab\u00a0Cette commission d\u2019enqu\u00eate ne se transformera pas en plus grand cabaret du monde o\u00f9 chacun vient faire son num\u00e9ro\u00a0\u00bb, a-t-il insist\u00e9.<\/p>\n<p class=\"asset asset-text\">Charles Alloncle a, quant \u00e0 lui, promis un programme \u00ab\u00a0extr\u00eamement dense\u00a0\u00bb avec \u00ab\u00a0au minimum une cinquantaine d\u2019auditions\u00a0\u00bb, dont celles des patronnes de France T\u00e9l\u00e9visions et Radio France, Delphine Ernotte Cunci et Sibyle Veil.<\/p>\n","protected":false},"excerpt":{"rendered":"LUDOVIC MARIN \/ AFP Le pr\u00e9sident de l\u2019Arcom a \u00e9t\u00e9 le premier interrog\u00e9 ce mardi 25\u00a0novembre lors de&hellip;\n","protected":false},"author":2,"featured_media":558754,"comment_status":"","ping_status":"","sticky":false,"template":"","format":"standard","meta":{"footnotes":""},"categories":[2],"tags":[11,4690,9646,1011,27,2400,12,316,10316,25],"class_list":{"0":"post-558753","1":"post","2":"type-post","3":"status-publish","4":"format-standard","5":"has-post-thumbnail","7":"category-actualites","8":"tag-actualites","9":"tag-arcom","10":"tag-audiovisuel","11":"tag-fr","12":"tag-france","13":"tag-france-televisions","14":"tag-news","15":"tag-politique","16":"tag-radio-france","17":"tag-republique-francaise"},"share_on_mastodon":{"url":"https:\/\/pubeurope.com\/@fr\/115613114279434712","error":""},"_links":{"self":[{"href":"https:\/\/www.europesays.com\/fr\/wp-json\/wp\/v2\/posts\/558753","targetHints":{"allow":["GET"]}}],"collection":[{"href":"https:\/\/www.europesays.com\/fr\/wp-json\/wp\/v2\/posts"}],"about":[{"href":"https:\/\/www.europesays.com\/fr\/wp-json\/wp\/v2\/types\/post"}],"author":[{"embeddable":true,"href":"https:\/\/www.europesays.com\/fr\/wp-json\/wp\/v2\/users\/2"}],"replies":[{"embeddable":true,"href":"https:\/\/www.europesays.com\/fr\/wp-json\/wp\/v2\/comments?post=558753"}],"version-history":[{"count":0,"href":"https:\/\/www.europesays.com\/fr\/wp-json\/wp\/v2\/posts\/558753\/revisions"}],"wp:featuredmedia":[{"embeddable":true,"href":"https:\/\/www.europesays.com\/fr\/wp-json\/wp\/v2\/media\/558754"}],"wp:attachment":[{"href":"https:\/\/www.europesays.com\/fr\/wp-json\/wp\/v2\/media?parent=558753"}],"wp:term":[{"taxonomy":"category","embeddable":true,"href":"https:\/\/www.europesays.com\/fr\/wp-json\/wp\/v2\/categories?post=558753"},{"taxonomy":"post_tag","embeddable":true,"href":"https:\/\/www.europesays.com\/fr\/wp-json\/wp\/v2\/tags?post=558753"}],"curies":[{"name":"wp","href":"https:\/\/api.w.org\/{rel}","templated":true}]}}