{"id":558755,"date":"2025-11-26T00:14:21","date_gmt":"2025-11-26T00:14:21","guid":{"rendered":"https:\/\/www.europesays.com\/fr\/558755\/"},"modified":"2025-11-26T00:14:21","modified_gmt":"2025-11-26T00:14:21","slug":"enqueter-sur-lantisemitisme-autopsie-dun-mauvais-sondage","status":"publish","type":"post","link":"https:\/\/www.europesays.com\/fr\/558755\/","title":{"rendered":"Enqu\u00eater sur l\u2019antis\u00e9mitisme : autopsie d\u2019un mauvais sondage"},"content":{"rendered":"<p>                        Enqu\u00eater sur l\u2019antis\u00e9mitisme : autopsie d\u2019un mauvais sondage<\/p>\n<p class=\"byline author vcard\">Par    <a href=\"https:\/\/aoc.media\/auteur\/nonna-mayer\/\" title=\"Articles par Nonna Mayer\" class=\"author url fn\" rel=\"author noopener\" target=\"_blank\">Nonna Mayer<\/a> et <a href=\"https:\/\/aoc.media\/auteur\/vincent-tiberj\/\" title=\"Articles par Vincent Tiberj\" class=\"author url fn\" rel=\"author noopener\" target=\"_blank\">Vincent Tiberj<\/a><\/p>\n<p>Command\u00e9 par le minist\u00e8re de l\u2019Enseignement sup\u00e9rieur et de la recherche, un sondage sur l\u2019antis\u00e9mitisme \u00e0 l\u2019universit\u00e9 comporte de multiples biais et erreurs \u2013 que cela soit dans la constitution de son \u00e9chantillon ou dans les questions elles-m\u00eames \u2013 et vient s\u2019inscrire dans la th\u00e8se de la \u00ab nouvelle jud\u00e9ophobie \u00bb de Taguieff, \u00e0 rebours des conclusions scientifiques. Dans un contexte o\u00f9 le d\u00e9bat public s\u2019est droitis\u00e9 et la science est attaqu\u00e9e, ce sondage intervient de mani\u00e8re maladroite et dangereuse.<\/p>\n<p class=\"first-paragraph\">Depuis les attaques terroristes du 7 octobre 2023 et la riposte isra\u00e9lienne \u00e0 Gaza, les actes antis\u00e9mites ont connu en France une augmentation spectaculaire. Le nombre de faits recens\u00e9s par la DNRT au Minist\u00e8re de l\u2019Int\u00e9rieur, soit les plus graves faisant l\u2019objet d\u2019un d\u00e9p\u00f4t de plainte, atteignait 1676 fin 2023, niveau quatre fois sup\u00e9rieur \u00e0 celui de 2022. En 2024 on en comptait encore 1570, et 646 sur les six premiers mois de 2025, chiffre plus de deux fois sup\u00e9rieur \u00e0 celui du premier semestre 2023. Dans le m\u00eame temps, l\u2019indice de tol\u00e9rance envers la minorit\u00e9 juive, mesurant le rejet des principaux st\u00e9r\u00e9otypes antis\u00e9mites dans l\u2019opinion, a recul\u00e9 de 3 points entre 2022 et 2023, ne remontant que d\u2019un point en 2024.<\/p>\n<p><a href=\"https:\/\/www.leseditionsnoirsurblanc.fr\/catalogue\/de-cocteau-a-simenon\/\" target=\"_blank\" rel=\"noopener\"><img fetchpriority=\"high\" decoding=\"async\" class=\"wp-image-278027 size-full\" src=\"https:\/\/www.europesays.com\/fr\/wp-content\/uploads\/2025\/11\/AOC_Pave_Cocteau-a-Simenon.png\" alt=\"\" width=\"300\" height=\"250\"\/><\/a>publicit\u00e9<\/p>\n<p>L\u2019universit\u00e9 n\u2019est pas \u00e9pargn\u00e9e. Les manifestations \u00e9tudiantes de soutien \u00e0 la population palestinienne ont parfois gliss\u00e9 de la critique d\u2019Isra\u00ebl \u00e0 une essentialisation des Fran\u00e7ais juifs, assimil\u00e9s dans leur ensemble \u00e0 des soutiens d\u2019Isra\u00ebl, du sionisme et de la politique meurtri\u00e8re de Benjamin Netanyahu. De nombreux actes de boycott ou d\u2019intimidation d\u2019\u00e9tudiantes et d\u2019\u00e9tudiants juifs se multiplient, comme \u00e0 <a href=\"https:\/\/www.lemonde.fr\/campus\/article\/2025\/09\/17\/deux-actes-antisemites-signales-a-l-universite-paris-i_6641572_4401467.html\" target=\"_blank\" rel=\"noopener\">Paris 1<\/a>, \u00e0 <a href=\"https:\/\/france3-regions.franceinfo.fr\/auvergne-rhone-alpes\/rhone\/lyon\/l-universite-lyon-2-se-desolidarise-d-un-enseignant-qui-relaie-la-publication-d-une-liste-aux-relents-antisemites-3254488.html\" target=\"_blank\" rel=\"noopener\">Lyon 2<\/a> ou \u00e0 <a href=\"https:\/\/www.univ-paris8.fr\/Communique-de-l-universite-Paris-8\" target=\"_blank\" rel=\"noopener\">Paris 8<\/a>.<\/p>\n<p>Dans un tel contexte, mieux cerner l\u2019antis\u00e9mitisme est une priorit\u00e9. Dans le sillage des Assises de l\u2019antis\u00e9mitisme, une loi qui renforce les dispositifs de pr\u00e9vention, de signalement et de suivi des actes antis\u00e9mites et racistes dans l\u2019enseignement sup\u00e9rieur est vot\u00e9e (Loi n\u00b0 2025-732 du 31 juillet 2025). En avril 2025, en partenariat avec la Dilcrah et la Fondation pour la M\u00e9moire de la Shoah, le Ministre charg\u00e9 de l\u2019Enseignement sup\u00e9rieur et de la Recherche annonce le lancement de travaux scientifiques portant sur la question de l\u2019antis\u00e9mitisme dans les \u00e9tablissements de l\u2019enseignement sup\u00e9rieur et de la recherche, ainsi que la cr\u00e9ation d\u2019un comit\u00e9 de pilotage charg\u00e9 de suivre l\u2019avancement de ces travaux.<\/p>\n<p>Une \u00e9quipe du Cevipof (Centre de recherches politiques de Sciences Po) est mandat\u00e9e\u00a0pour conduire un<\/p>\n<p class=\"author_name\">\n                <a href=\"https:\/\/aoc.media\/auteur\/nonna-mayer\/\" target=\"_blank\" rel=\"noopener\">Nonna Mayer<\/a>\n            <\/p>\n<p class=\"author_func\">\n                Politiste, Directrice de recherche \u00e9m\u00e9rite au CNRS, Centre d\u2019\u00e9tudes europ\u00e9ennes de Sciences Po, membre de la Commission nationale consultative des droits de l&rsquo;homme (CNCDH)            <\/p>\n<p class=\"author_name\">\n                <a href=\"https:\/\/aoc.media\/auteur\/vincent-tiberj\/\" target=\"_blank\" rel=\"noopener\">Vincent Tiberj<\/a>\n            <\/p>\n<p class=\"author_func\">\n                Sociologue, professeur des universit\u00e9s, chercheur au Centre \u00c9mile Durkheim et professeur en sociologie politique \u00e0 Sciences Po Bordeaux            <\/p>\n","protected":false},"excerpt":{"rendered":"Enqu\u00eater sur l\u2019antis\u00e9mitisme : autopsie d\u2019un mauvais sondage Par Nonna Mayer et Vincent Tiberj Command\u00e9 par le minist\u00e8re&hellip;\n","protected":false},"author":2,"featured_media":558756,"comment_status":"","ping_status":"","sticky":false,"template":"","format":"standard","meta":{"footnotes":""},"categories":[2],"tags":[11,67597,1057,67598,1011,27,12029,12,25,104],"class_list":{"0":"post-558755","1":"post","2":"type-post","3":"status-publish","4":"format-standard","5":"has-post-thumbnail","7":"category-actualites","8":"tag-actualites","9":"tag-discriminations-et-inegalites","10":"tag-education","11":"tag-enseignement-superieur-et-recherche","12":"tag-fr","13":"tag-france","14":"tag-libertes-publiques","15":"tag-news","16":"tag-republique-francaise","17":"tag-societe"},"share_on_mastodon":{"url":"https:\/\/pubeurope.com\/@fr\/115613117555860773","error":""},"_links":{"self":[{"href":"https:\/\/www.europesays.com\/fr\/wp-json\/wp\/v2\/posts\/558755","targetHints":{"allow":["GET"]}}],"collection":[{"href":"https:\/\/www.europesays.com\/fr\/wp-json\/wp\/v2\/posts"}],"about":[{"href":"https:\/\/www.europesays.com\/fr\/wp-json\/wp\/v2\/types\/post"}],"author":[{"embeddable":true,"href":"https:\/\/www.europesays.com\/fr\/wp-json\/wp\/v2\/users\/2"}],"replies":[{"embeddable":true,"href":"https:\/\/www.europesays.com\/fr\/wp-json\/wp\/v2\/comments?post=558755"}],"version-history":[{"count":0,"href":"https:\/\/www.europesays.com\/fr\/wp-json\/wp\/v2\/posts\/558755\/revisions"}],"wp:featuredmedia":[{"embeddable":true,"href":"https:\/\/www.europesays.com\/fr\/wp-json\/wp\/v2\/media\/558756"}],"wp:attachment":[{"href":"https:\/\/www.europesays.com\/fr\/wp-json\/wp\/v2\/media?parent=558755"}],"wp:term":[{"taxonomy":"category","embeddable":true,"href":"https:\/\/www.europesays.com\/fr\/wp-json\/wp\/v2\/categories?post=558755"},{"taxonomy":"post_tag","embeddable":true,"href":"https:\/\/www.europesays.com\/fr\/wp-json\/wp\/v2\/tags?post=558755"}],"curies":[{"name":"wp","href":"https:\/\/api.w.org\/{rel}","templated":true}]}}