{"id":558761,"date":"2025-11-26T00:18:18","date_gmt":"2025-11-26T00:18:18","guid":{"rendered":"https:\/\/www.europesays.com\/fr\/558761\/"},"modified":"2025-11-26T00:18:18","modified_gmt":"2025-11-26T00:18:18","slug":"challenge-cup-le-toulouse-olympique-ne-participera-a-la-challenge-cup-2026-rugby-a-xiii","status":"publish","type":"post","link":"https:\/\/www.europesays.com\/fr\/558761\/","title":{"rendered":"Challenge Cup &#8211; Le Toulouse Olympique ne participera \u00e0 la Challenge Cup 2026 &#8211; Rugby \u00e0 XIII"},"content":{"rendered":"<p style=\"text-align: justify;\"><strong>Le Toulouse Olympique a une nouvelle fois refus\u00e9 la participation \u00e0 la Challenge Cup pour la saison 2026 malgr\u00e9 son retour en Super League.<\/strong><\/p>\n<p style=\"text-align: justify;\">La nouvelle saison s\u2019approche \u00e0 grands pas pour les clubs de Super League et de Championship. Ceux de Championship commenceront lors du deuxi\u00e8me tour de Challenge Cup lors du week-end des 24 et 25 janvier. Les clubs de Super League entreront eux en lice \u00e0 partir du troisi\u00e8me tour pr\u00e9vu du 6 au 8 f\u00e9vrier. Lors du premier tour, il y aura les \u00e9quipes amateurs.<\/p>\n<p>Toulouse d\u00e9cline encore l\u2019invitation<\/p>\n<p style=\"text-align: justify;\">Toutes les \u00e9quipes de Super League participeront \u00e0 la Challenge Cup 2026 \u00e0 l\u2019exception d\u2019une seule : le Toulouse Olympique. Toutes les \u00e9quipes anglaises sont membres de la RFL et sont automatiquement inscrits. Les clubs fran\u00e7ais ne font pas partie de la RFL, et sont en droit de refuser la participation \u00e0 la prestigieuse coupe. Les Dragons Catalans figureront bien dans le tableau de cette \u00e9dition 2026, et le Toulouse Olympique a lui d\u00e9clin\u00e9 comme les ann\u00e9es pr\u00e9c\u00e9dentes.<\/p>\n<p style=\"text-align: justify;\">La nouvelle a \u00e9t\u00e9 officialis\u00e9e par la RFL via un communiqu\u00e9 en d\u00e9taillant le premier et deuxi\u00e8me tour de la comp\u00e9tition :<\/p>\n<blockquote>\n<p style=\"text-align: justify;\">Les clubs de la Betfred Super League (\u00e0 l\u2019exception du Toulouse Olympique, qui ne participera pas) entrent en lice au troisi\u00e8me tour, les matchs se d\u00e9roulant le week-end du 6 au 8 f\u00e9vrier.<\/p>\n<\/blockquote>\n<p><a href=\"https:\/\/www.loverugbyleague.com\/post\/toulouse-withdraw-from-challenge-cup-2026\" class=\"vlp-link\" title=\"Super League club withdraw from Challenge Cup as explanation provided\" rel=\"nofollow noopener\" target=\"_blank\"><img decoding=\"async\" src=\"https:\/\/www.europesays.com\/fr\/wp-content\/uploads\/2025\/11\/LRL-Feature-Image-51.jpg\" style=\"max-width: 1024px; max-height: 1024px\"\/><\/p>\n<p>Super League club withdraw from Challenge Cup as explanation provided<\/p>\n<p>Lire l&rsquo;article<\/p>\n<p>www.loverugbyleague.com<\/p>\n","protected":false},"excerpt":{"rendered":"Le Toulouse Olympique a une nouvelle fois refus\u00e9 la participation \u00e0 la Challenge Cup pour la saison 2026&hellip;\n","protected":false},"author":2,"featured_media":558762,"comment_status":"","ping_status":"","sticky":false,"template":"","format":"standard","meta":{"footnotes":""},"categories":[1416],"tags":[4401,3248,1011,27,479,2228,1468,2229,60,3502],"class_list":{"0":"post-558761","1":"post","2":"type-post","3":"status-publish","4":"format-standard","5":"has-post-thumbnail","7":"category-rugby","8":"tag-challenge-cup","9":"tag-dragons-catalans","10":"tag-fr","11":"tag-france","12":"tag-rugby","13":"tag-rugby-a-xiii","14":"tag-rugby-football","15":"tag-rugby-league","16":"tag-sports","17":"tag-toulouse-olympique"},"share_on_mastodon":{"url":"https:\/\/pubeurope.com\/@fr\/115613133524948458","error":""},"_links":{"self":[{"href":"https:\/\/www.europesays.com\/fr\/wp-json\/wp\/v2\/posts\/558761","targetHints":{"allow":["GET"]}}],"collection":[{"href":"https:\/\/www.europesays.com\/fr\/wp-json\/wp\/v2\/posts"}],"about":[{"href":"https:\/\/www.europesays.com\/fr\/wp-json\/wp\/v2\/types\/post"}],"author":[{"embeddable":true,"href":"https:\/\/www.europesays.com\/fr\/wp-json\/wp\/v2\/users\/2"}],"replies":[{"embeddable":true,"href":"https:\/\/www.europesays.com\/fr\/wp-json\/wp\/v2\/comments?post=558761"}],"version-history":[{"count":0,"href":"https:\/\/www.europesays.com\/fr\/wp-json\/wp\/v2\/posts\/558761\/revisions"}],"wp:featuredmedia":[{"embeddable":true,"href":"https:\/\/www.europesays.com\/fr\/wp-json\/wp\/v2\/media\/558762"}],"wp:attachment":[{"href":"https:\/\/www.europesays.com\/fr\/wp-json\/wp\/v2\/media?parent=558761"}],"wp:term":[{"taxonomy":"category","embeddable":true,"href":"https:\/\/www.europesays.com\/fr\/wp-json\/wp\/v2\/categories?post=558761"},{"taxonomy":"post_tag","embeddable":true,"href":"https:\/\/www.europesays.com\/fr\/wp-json\/wp\/v2\/tags?post=558761"}],"curies":[{"name":"wp","href":"https:\/\/api.w.org\/{rel}","templated":true}]}}