{"id":558765,"date":"2025-11-26T00:23:11","date_gmt":"2025-11-26T00:23:11","guid":{"rendered":"https:\/\/www.europesays.com\/fr\/558765\/"},"modified":"2025-11-26T00:23:11","modified_gmt":"2025-11-26T00:23:11","slug":"faute-de-financements-publics-le-comite-de-cyclisme-de-gironde-alerte-sur-la-possible-cessation-de-ses-activites","status":"publish","type":"post","link":"https:\/\/www.europesays.com\/fr\/558765\/","title":{"rendered":"Faute de financements publics, le Comit\u00e9 de cyclisme de Gironde alerte sur la possible cessation de ses activit\u00e9s"},"content":{"rendered":"<p>En janvier dernier d\u00e9j\u00e0, la Ville de Bordeaux annon\u00e7ait au comit\u00e9 ne pas pouvoir renouveler la subvention de 35\u00a0000\u00a0euros (30\u00a0% du budget du comit\u00e9) allou\u00e9e au <a href=\"https:\/\/www.sudouest.fr\/gironde\/libourne\/libourne-des-collegiens-sensibilises-a-la-pratique-du-velo-20349108.php\" target=\"_blank\" rel=\"follow noopener\">dispositif\u00a0Savoir rouler \u00e0 v\u00e9lo<\/a>\u00a0pour l\u2019ann\u00e9e 2026. En cause, l\u2019arr\u00eat du financement de l\u2019\u00c9tat. En effet, ce dernier \u00ab\u00a0accompagne les municipalit\u00e9s \u00e0 hauteur de 35\u00a0000\u00a0euros si elles s\u2019appuient sur une association locale pour mettre en place ce dispositif\u00a0\u00bb, explique Mathieu Hazouard, adjoint au maire charg\u00e9 des sports.<\/p>\n<p>\u00ab\u00a0C\u2019est la double peine\u00a0: pour la Ville qui veut maintenir ce dispositif mais n\u2019a pas les moyens de sortir ces 35\u00a0000\u00a0euros, et pour le comit\u00e9 qui ne peut plus le faire. Mais ce n\u2019est pas la faute de la Ville\u00a0\u00bb, ajoute l\u2019\u00e9lu qui se dit pein\u00e9 de la situation du comit\u00e9. Mathieu Hazouard assure n\u00e9anmoins que le dispositif Savoir rouler \u00e0 v\u00e9lo sera repris en r\u00e9gie et donc maintenu.<\/p>\n<p>Appel aux dons<\/p>\n<p>En plus de cela, le comit\u00e9 a \u00e9galement not\u00e9 que les communes, du Sud-Gironde au bassin d\u2019Arcachon, font de moins en moins appel \u00e0 lui. \u00ab\u00a0Nous avons ressenti une baisse de notre activit\u00e9 \u00e0 partir de juin\u00a0\u00bb, explique Didier Tiffon, qui rel\u00e8ve aussi la r\u00e9duction d\u2019\u00e9v\u00e9nements organis\u00e9s avec CAP33\u00a0: \u00ab\u00a0Alors que nous pouvions organiser entre six et huit animations en juillet, nous n\u2019en avons compt\u00e9 que deux cette ann\u00e9e.\u00a0\u00bb<\/p>\n<p>Ce constat, d\u2019autres comit\u00e9s d\u00e9partementaux le font aussi, assure Didier Tiffon, qui s\u2019inqui\u00e8te \u00e9galement des cons\u00e9quences du d\u00e9ficit budg\u00e9taire du D\u00e9partement de la Gironde. Apr\u00e8s avoir accus\u00e9 une baisse de 5\u00a0% de subventions d\u00e9partementales en 2025, le comit\u00e9 en craint une plus drastique \u00e0 venir. \u00ab\u00a0Quand je vois <a href=\"https:\/\/www.sudouest.fr\/gironde\/gironde-le-festival-sunska-annonce-qu-il-n-organisera-pas-d-edition-2026-26699383.php\" target=\"_blank\" rel=\"noopener\">ce qui arrive au Sunska<\/a> ou <a href=\"https:\/\/www.sudouest.fr\/gironde\/c-est-une-catastrophe-le-festival-du-film-d-histoire-de-pessac-face-a-une-baisse-exceptionnelle-d-une-de-ses-subventions-26757401.php\" target=\"_blank\" rel=\"noopener\">au Festival de cin\u00e9ma de Pessac<\/a>, je me dis qu\u2019on est les premiers d\u2019une longue liste.\u00a0\u00bb En l\u2019\u00e9tat, les finances du comit\u00e9 ne lui permettent pas d\u2019assurer les revenus de ses deux derniers salari\u00e9s pass\u00e9 d\u00e9cembre. Il vient donc de lancer une campagne de dons dans l\u2019objectif de r\u00e9colter 35\u00a0000\u00a0euros, ce qui permettrait de pr\u00e9server les deux emplois d\u2019ici \u00e0 mars prochain.<\/p>\n","protected":false},"excerpt":{"rendered":"En janvier dernier d\u00e9j\u00e0, la Ville de Bordeaux annon\u00e7ait au comit\u00e9 ne pas pouvoir renouveler la subvention de&hellip;\n","protected":false},"author":2,"featured_media":558766,"comment_status":"","ping_status":"","sticky":false,"template":"","format":"standard","meta":{"footnotes":""},"categories":[1411],"tags":[1154,207,1011,27,60],"class_list":{"0":"post-558765","1":"post","2":"type-post","3":"status-publish","4":"format-standard","5":"has-post-thumbnail","7":"category-cyclisme","8":"tag-cycling","9":"tag-cyclisme","10":"tag-fr","11":"tag-france","12":"tag-sports"},"share_on_mastodon":{"url":"https:\/\/pubeurope.com\/@fr\/115613152508760079","error":""},"_links":{"self":[{"href":"https:\/\/www.europesays.com\/fr\/wp-json\/wp\/v2\/posts\/558765","targetHints":{"allow":["GET"]}}],"collection":[{"href":"https:\/\/www.europesays.com\/fr\/wp-json\/wp\/v2\/posts"}],"about":[{"href":"https:\/\/www.europesays.com\/fr\/wp-json\/wp\/v2\/types\/post"}],"author":[{"embeddable":true,"href":"https:\/\/www.europesays.com\/fr\/wp-json\/wp\/v2\/users\/2"}],"replies":[{"embeddable":true,"href":"https:\/\/www.europesays.com\/fr\/wp-json\/wp\/v2\/comments?post=558765"}],"version-history":[{"count":0,"href":"https:\/\/www.europesays.com\/fr\/wp-json\/wp\/v2\/posts\/558765\/revisions"}],"wp:featuredmedia":[{"embeddable":true,"href":"https:\/\/www.europesays.com\/fr\/wp-json\/wp\/v2\/media\/558766"}],"wp:attachment":[{"href":"https:\/\/www.europesays.com\/fr\/wp-json\/wp\/v2\/media?parent=558765"}],"wp:term":[{"taxonomy":"category","embeddable":true,"href":"https:\/\/www.europesays.com\/fr\/wp-json\/wp\/v2\/categories?post=558765"},{"taxonomy":"post_tag","embeddable":true,"href":"https:\/\/www.europesays.com\/fr\/wp-json\/wp\/v2\/tags?post=558765"}],"curies":[{"name":"wp","href":"https:\/\/api.w.org\/{rel}","templated":true}]}}