{"id":558788,"date":"2025-11-26T00:36:14","date_gmt":"2025-11-26T00:36:14","guid":{"rendered":"https:\/\/www.europesays.com\/fr\/558788\/"},"modified":"2025-11-26T00:36:14","modified_gmt":"2025-11-26T00:36:14","slug":"le-conseiller-de-la-maison-blanche-steve-witkoff-a-conseille-la-russie-sur-la-maniere-de-presenter-son-plan-de-paix-a-trump","status":"publish","type":"post","link":"https:\/\/www.europesays.com\/fr\/558788\/","title":{"rendered":"le conseiller de la Maison Blanche Steve Witkoff a conseill\u00e9 la Russie sur la mani\u00e8re de pr\u00e9senter son \u00ab\u00a0plan de paix\u00a0\u00bb \u00e0 Trump"},"content":{"rendered":"<p>   Emmanuel Macron estime qu\u2019il n\u2019y a \u00ab\u00a0clairement pas de volont\u00e9 russe d\u2019avoir un cessez-le-feu\u00a0\u00bb             <\/p>\n<p class=\"post__live-container--answer-text post__space-node\">Le chef de l\u2019Etat, qui s\u2019exprimait devant la presse \u00e0 l\u2019issue d\u2019une visioconf\u00e9rence de la \u00ab\u00a0coalition des volontaires\u00a0\u00bb, qui r\u00e9unit plus de 30\u00a0pays, principalement europ\u00e9ens, dispos\u00e9s \u00e0 apporter d\u2019une mani\u00e8re ou d\u2019une autre des \u00ab\u00a0garanties de s\u00e9curit\u00e9\u00a0\u00bb \u00e0 Kiev en cas de conclusion d\u2019un cessez-le-feu ou d\u2019un accord de paix avec Moscou, a dress\u00e9 un sombre bilan.<\/p>\n<p class=\"post__live-container--answer-text post__space-node\">\u00ab\u00a0Il n\u2019y a aujourd\u2019hui clairement pas de volont\u00e9 russe d\u2019avoir un cessez-le-feu\u00a0\u00bb, a-t-il \u00e9nonc\u00e9, ajoutant que Moscou n\u2019avait pas non plus montr\u00e9 de \u00ab\u00a0volont\u00e9 de discuter\u00a0\u00bb du projet de plan am\u00e9ricain pour l\u2019Ukraine amend\u00e9 apr\u00e8s des discussions entre Am\u00e9ricains, Ukrainiens et Europ\u00e9ens, \u00e0 Gen\u00e8ve, le week-end dernier. Il a appel\u00e9 \u00e0 \u00ab\u00a0continuer de mettre la pression\u00a0\u00bb sur la Russie pour qu\u2019elle n\u00e9gocie. \u00ab\u00a0Plusieurs participants\u00a0\u00bb \u00e0 cette visioconf\u00e9rence des soutiens de l\u2019Ukraine, qui s\u2019est tenue mardi, ont \u00ab\u00a0rendu compte de leurs \u00e9changes directs avec les Russes, en particulier avec le pr\u00e9sident Poutine\u00a0\u00bb. Il a expliqu\u00e9 qu\u2019un \u00ab\u00a0travail\u00a0\u00bb allait \u00eatre \u00ab\u00a0engag\u00e9\u00a0\u00bb avec les Etats-Unis et l\u2019OTAN pour \u00e9voquer \u00ab\u00a0le suivi du respect\u00a0\u00bb d\u2019un futur cessez-le-feu, \u00ab\u00a0par la surveillance\u00a0\u00bb.<\/p>\n<p class=\"post__live-container--answer-text post__space-node\">Par ailleurs, s\u2019agissant des \u00ab\u00a0garanties de s\u00e9curit\u00e9\u00a0\u00bb, il a estim\u00e9 qu\u2019il fallait avant tout \u00ab\u00a0une arm\u00e9e ukrainienne forte\u00a0\u00bb. Les \u00ab\u00a0discussions \u00e0 Gen\u00e8ve ont montr\u00e9 qu\u2019il ne devait pas y avoir de limitation \u00e0 l\u2019arm\u00e9e ukrainienne\u00a0\u00bb, a-t-il insist\u00e9, contrairement \u00e0 ce que pr\u00e9voyait une premi\u00e8re mouture d\u2019un plan am\u00e9ricain que les Ukrainiens et les Europ\u00e9ens se sont depuis efforc\u00e9s d\u2019amender.<\/p>\n<p class=\"post__live-container--answer-text post__space-node\">Un groupe de travail va aussi \u00eatre lanc\u00e9 d\u00e8s mercredi sur les \u00ab\u00a0forces de r\u00e9assurance\u00a0\u00bb cens\u00e9es \u00ab\u00a0consolider cette arm\u00e9e ukrainienne\u00a0\u00bb en \u00ab\u00a0deuxi\u00e8me rideau\u00a0\u00bb en cas d\u2019accord russo-ukrainien, a encore annonc\u00e9 Emmanuel Macron. Il sera \u00ab\u00a0pilot\u00e9 par la France et la Grande-Bretagne, avec une association \u00e9troite de la Turquie qui joue un r\u00f4le-cl\u00e9 sur le plan maritime, et pour la premi\u00e8re fois avec une implication des Etats-Unis d\u2019Am\u00e9rique\u00a0\u00bb, a-t-il ajout\u00e9, alors que le secr\u00e9taire d\u2019Etat am\u00e9ricain, Marco Rubio, a particip\u00e9 \u00e0 la visioconf\u00e9rence.<\/p>\n<p class=\"post__live-container--answer-text post__space-node\">\u00ab\u00a0Ces prochains jours nous permettront de finaliser tr\u00e8s pr\u00e9cis\u00e9ment les contributions de chacun et d\u2019avoir ces garanties de s\u00e9curit\u00e9 ainsi finalis\u00e9es\u00a0\u00bb, a-t-il promis. Selon lui, \u00ab\u00a0c\u2019est essentiel pour n\u00e9gocier une paix cr\u00e9dible et pour maintenir l\u00e0 aussi une pression sur la Russie\u00a0\u00bb.<\/p>\n<p class=\"post__live-container--answer-text post__space-node\">Le pr\u00e9sident fran\u00e7ais a par ailleurs assur\u00e9 qu\u2019une d\u00e9cision sur les avoirs russes gel\u00e9s, au c\u0153ur d\u2019un imbroglio politico-juridique dans une Europe en qu\u00eate de financements pour l\u2019Ukraine, sera \u00ab\u00a0finalis\u00e9e dans les prochains jours\u00a0\u00bb. Ces actifs gel\u00e9s sont \u00ab\u00a0extr\u00eamement importants\u00a0\u00bb et \u00ab\u00a0aussi un moyen de pression\u00a0\u00bb sur la Russie, a-t-il dit. \u00ab\u00a0Nous allons finaliser dans les prochains jours, en coordonnant avec tous les pays europ\u00e9ens les plus concern\u00e9s et \u00e9videmment avec l\u2019Union europ\u00e9enne et la Commission europ\u00e9enne, une solution qui permette de s\u00e9curiser des financements, donne de la visibilit\u00e9 \u00e0 l\u2019Ukraine, mais maintienne cette pression\u00a0\u00bb, a-t-il d\u00e9taill\u00e9.<\/p>\n","protected":false},"excerpt":{"rendered":"Emmanuel Macron estime qu\u2019il n\u2019y a \u00ab\u00a0clairement pas de volont\u00e9 russe d\u2019avoir un cessez-le-feu\u00a0\u00bb Le chef de l\u2019Etat,&hellip;\n","protected":false},"author":2,"featured_media":558789,"comment_status":"","ping_status":"","sticky":false,"template":"","format":"standard","meta":{"footnotes":""},"categories":[5],"tags":[11,1011,27,14,12,28],"class_list":{"0":"post-558788","1":"post","2":"type-post","3":"status-publish","4":"format-standard","5":"has-post-thumbnail","7":"category-international","8":"tag-actualites","9":"tag-fr","10":"tag-france","11":"tag-international","12":"tag-news","13":"tag-world"},"share_on_mastodon":{"url":"https:\/\/pubeurope.com\/@fr\/115613203444013672","error":""},"_links":{"self":[{"href":"https:\/\/www.europesays.com\/fr\/wp-json\/wp\/v2\/posts\/558788","targetHints":{"allow":["GET"]}}],"collection":[{"href":"https:\/\/www.europesays.com\/fr\/wp-json\/wp\/v2\/posts"}],"about":[{"href":"https:\/\/www.europesays.com\/fr\/wp-json\/wp\/v2\/types\/post"}],"author":[{"embeddable":true,"href":"https:\/\/www.europesays.com\/fr\/wp-json\/wp\/v2\/users\/2"}],"replies":[{"embeddable":true,"href":"https:\/\/www.europesays.com\/fr\/wp-json\/wp\/v2\/comments?post=558788"}],"version-history":[{"count":0,"href":"https:\/\/www.europesays.com\/fr\/wp-json\/wp\/v2\/posts\/558788\/revisions"}],"wp:featuredmedia":[{"embeddable":true,"href":"https:\/\/www.europesays.com\/fr\/wp-json\/wp\/v2\/media\/558789"}],"wp:attachment":[{"href":"https:\/\/www.europesays.com\/fr\/wp-json\/wp\/v2\/media?parent=558788"}],"wp:term":[{"taxonomy":"category","embeddable":true,"href":"https:\/\/www.europesays.com\/fr\/wp-json\/wp\/v2\/categories?post=558788"},{"taxonomy":"post_tag","embeddable":true,"href":"https:\/\/www.europesays.com\/fr\/wp-json\/wp\/v2\/tags?post=558788"}],"curies":[{"name":"wp","href":"https:\/\/api.w.org\/{rel}","templated":true}]}}