{"id":558800,"date":"2025-11-26T00:42:24","date_gmt":"2025-11-26T00:42:24","guid":{"rendered":"https:\/\/www.europesays.com\/fr\/558800\/"},"modified":"2025-11-26T00:42:24","modified_gmt":"2025-11-26T00:42:24","slug":"la-police-cherche-des-temoins-de-laccident-qui-a-coute-la-vie-a-un-etudiant-sur-la33","status":"publish","type":"post","link":"https:\/\/www.europesays.com\/fr\/558800\/","title":{"rendered":"La police cherche des t\u00e9moins de l\u2019accident qui a co\u00fbt\u00e9 la vie \u00e0 un \u00e9tudiant sur l&rsquo;A33"},"content":{"rendered":"<p>Cela fait presque une semaine qu\u2019une enqu\u00eate a \u00e9t\u00e9 ouverte apr\u00e8s la d\u00e9couverte du <a href=\"https:\/\/www.20minutes.fr\/faits_divers\/4187264-20251122-nancy-etudiant-retrouve-mort-bord-autoroute-sac-plastique-tete\" class=\"c-link c-link--is-underlined\" target=\"_blank\" rel=\"noopener\">corps sans vie d\u2019un \u00e9tudiant en m\u00e9decine<\/a> gisant sur le bas-c\u00f4t\u00e9 de l\u2019autoroute A33, \u00e0 <a href=\"https:\/\/www.20minutes.fr\/dossier\/nancy\" class=\"c-link c-link--is-underlined\" target=\"_blank\" rel=\"noopener\">Nancy<\/a>. Si la piste de l\u2019accident est privil\u00e9gi\u00e9e par les enqu\u00eateurs de la <a href=\"https:\/\/www.20minutes.fr\/dossier\/police_judiciaire\" class=\"c-link c-link--is-underlined\" target=\"_blank\" rel=\"noopener\">police judiciaire<\/a>, ces derniers n\u2019ont pas encore pu d\u00e9terminer les circonstances du drame.<\/p>\n<p>On sait que le jeune homme, \u00e2g\u00e9 de 19 ans, revenait \u00e0 pied d\u2019une soir\u00e9e \u00e9tudiante. Le parquet de Nancy a expliqu\u00e9 que son corps a \u00e9t\u00e9 retrouv\u00e9, jeudi matin, pr\u00e8s de la sortie Brabois de l\u2019autoroute A33 menant au centre hospitalier. On sait aussi que la victime habitait non loin de l\u00e0. Le parquet a ensuite pr\u00e9cis\u00e9 qu\u2019un sac en plastique recouvrait la t\u00eate du jeune homme, mais sans lien emp\u00eachant de le retirer. Un sac \u00ab\u00a0tel que ceux donn\u00e9s dans la navette affr\u00e9t\u00e9e pour la soir\u00e9e et qu\u2019il avait emprunt\u00e9e\u00a0\u00bb selon Clara Ziegler, la procureure de la R\u00e9publique adjointe de Nancy.<\/p>\n<p><\/p>\n<p>Le jeune homme a \u00e9t\u00e9 percut\u00e9 par une voiture<\/p>\n<p>Les premi\u00e8res constatations du m\u00e9decin l\u00e9giste d\u00e9p\u00each\u00e9 sur place mentionnaient la \u00ab\u00a0possibilit\u00e9 d\u2019un impact avec un v\u00e9hicule\u00a0\u00bb. Selon la DIPN 54, l\u2019\u00e9tudiant a bien \u00ab\u00a0\u00e9t\u00e9 percut\u00e9 par un v\u00e9hicule\u00a0\u00bb. En revanche, les circonstances ayant men\u00e9 \u00e0 l\u2019accident demeuraient incertaines. On ignore encore ce que la victime faisait \u00e0 pied \u00e0 cet endroit et le v\u00e9hicule impliqu\u00e9 n\u2019a pas \u00e9t\u00e9 identifi\u00e9.<\/p>\n<p><a href=\"https:\/\/www.20minutes.fr\/faits_divers\/\" class=\"c-link c-btn c-btn--primary\" target=\"_blank\" rel=\"noopener\">Notre dossier sur les faits divers<\/a><\/p>\n<p>Pour t\u00e2cher de retracer le parcours du jeune homme jusqu\u2019\u00e0 l\u2019accident mortel, la police judiciaire, avec l\u2019accord du parquet, a lanc\u00e9 un appel \u00e0 t\u00e9moins sur X. L\u2019accident se serait d\u00e9roul\u00e9 \u00ab\u00a0entre 3 heures et 8 heures du matin\u00a0\u00bb, jeudi. \u00ab\u00a0Toute personne susceptible d\u2019apporter des \u00e9l\u00e9ments \u00e0 l\u2019enqu\u00eate afin de d\u00e9terminer les circonstances de cet accident\u00a0\u00bb est invit\u00e9e \u00e0 contacter le commissariat de Nancy au 03.83.17.29.01.<\/p>\n","protected":false},"excerpt":{"rendered":"Cela fait presque une semaine qu\u2019une enqu\u00eate a \u00e9t\u00e9 ouverte apr\u00e8s la d\u00e9couverte du corps sans vie d\u2019un&hellip;\n","protected":false},"author":2,"featured_media":558801,"comment_status":"","ping_status":"","sticky":false,"template":"","format":"standard","meta":{"footnotes":""},"categories":[9635],"tags":[4376,1111,47,11,4260,4081,1777,674,118,1011,27,775,776,3457,1702,12,1072,25],"class_list":{"0":"post-558800","1":"post","2":"type-post","3":"status-publish","4":"format-standard","5":"has-post-thumbnail","7":"category-nancy","8":"tag-accident-de-la-route","9":"tag-actu","10":"tag-actualite","11":"tag-actualites","12":"tag-appel-a-temoins","13":"tag-etudiant","14":"tag-eu","15":"tag-europe","16":"tag-faits-divers","17":"tag-fr","18":"tag-france","19":"tag-grand-est","20":"tag-lorraine","21":"tag-meurthe-et-moselle","22":"tag-nancy","23":"tag-news","24":"tag-police","25":"tag-republique-francaise"},"share_on_mastodon":{"url":"https:\/\/pubeurope.com\/@fr\/115613226922790546","error":""},"_links":{"self":[{"href":"https:\/\/www.europesays.com\/fr\/wp-json\/wp\/v2\/posts\/558800","targetHints":{"allow":["GET"]}}],"collection":[{"href":"https:\/\/www.europesays.com\/fr\/wp-json\/wp\/v2\/posts"}],"about":[{"href":"https:\/\/www.europesays.com\/fr\/wp-json\/wp\/v2\/types\/post"}],"author":[{"embeddable":true,"href":"https:\/\/www.europesays.com\/fr\/wp-json\/wp\/v2\/users\/2"}],"replies":[{"embeddable":true,"href":"https:\/\/www.europesays.com\/fr\/wp-json\/wp\/v2\/comments?post=558800"}],"version-history":[{"count":0,"href":"https:\/\/www.europesays.com\/fr\/wp-json\/wp\/v2\/posts\/558800\/revisions"}],"wp:featuredmedia":[{"embeddable":true,"href":"https:\/\/www.europesays.com\/fr\/wp-json\/wp\/v2\/media\/558801"}],"wp:attachment":[{"href":"https:\/\/www.europesays.com\/fr\/wp-json\/wp\/v2\/media?parent=558800"}],"wp:term":[{"taxonomy":"category","embeddable":true,"href":"https:\/\/www.europesays.com\/fr\/wp-json\/wp\/v2\/categories?post=558800"},{"taxonomy":"post_tag","embeddable":true,"href":"https:\/\/www.europesays.com\/fr\/wp-json\/wp\/v2\/tags?post=558800"}],"curies":[{"name":"wp","href":"https:\/\/api.w.org\/{rel}","templated":true}]}}