{"id":558808,"date":"2025-11-26T00:49:39","date_gmt":"2025-11-26T00:49:39","guid":{"rendered":"https:\/\/www.europesays.com\/fr\/558808\/"},"modified":"2025-11-26T00:49:39","modified_gmt":"2025-11-26T00:49:39","slug":"rouen-trace-frequence-points-dinteret-tout-savoir-sur-le-t5-bientot-mis-en-service-2","status":"publish","type":"post","link":"https:\/\/www.europesays.com\/fr\/558808\/","title":{"rendered":"Rouen. Trac\u00e9, fr\u00e9quence, points d&rsquo;int\u00e9r\u00eat\u2026 tout savoir sur le T5 bient\u00f4t mis en service"},"content":{"rendered":"<p melodystyle=\"texte\">La nouvelle ligne de bus T5, officiellement lanc\u00e9e samedi 29\u00a0novembre, relie le site de la future gare Saint-Sever \u00e0 Rouen (arr\u00eat Champlain) \u00e0 l&rsquo;arr\u00eat Mont aux Malades \u00e0 Mont-Saint-Aignan en passant par le campus. Le trac\u00e9 partage plusieurs arr\u00eats avec la ligne T1. Il s&rsquo;agit justement de seconder cette ligne du r\u00e9seau historique, aujourd&rsquo;hui satur\u00e9e aux heures de pointe selon la M\u00e9tropole Rouen Normandie.<\/p>\n<p>Des arr\u00eats en commun avec le T1<\/p>\n<p melodystyle=\"texte\">Le T5 aura ainsi 5 arr\u00eats en commun avec le T1 et 7 arr\u00eats propres soit en tout 11 arr\u00eats. En partant de l&rsquo;arr\u00eat Champlain \u00e0 Rouen, le T5 traverse tout le cours Clemenceau, le boulevard d&rsquo;Orl\u00e9ans puis le quartier Flaubert avant de remonter vers le Mont Riboudet par le pont Flaubert direction le campus universitaire et la place Colbert avant de terminer au Mont aux Malades \u00e0 Mont-Saint-Aignan. La ligne permet de desservir d&rsquo;autres points d&rsquo;int\u00e9r\u00eat de la ville comme le Kindarena, les Docks 76, les quais rive gauche, le centre Saint-Sever et le Conseil d\u00e9partemental.<\/p>\n<p melodystyle=\"texte\">De bout en bout, le trajet du T5 est estim\u00e9 \u00e0 environ 25 minutes avec un passage de bus toutes les 8 minutes sur une plage horaire allant de 5h30 \u00e0 minuit.<\/p>\n<p melodystyle=\"texte\">Alors que les trois premiers TEOR Astuce avaient pour vocation de relier l&rsquo;est et l&rsquo;ouest de l&rsquo;agglom\u00e9ration, avec le T5 il s&rsquo;agit d&rsquo;assurer la liaison nord\/sud en \u00e9vitant le passage par la station Th\u00e9\u00e2tre des Arts, elle aussi satur\u00e9e.<\/p>\n","protected":false},"excerpt":{"rendered":"La nouvelle ligne de bus T5, officiellement lanc\u00e9e samedi 29\u00a0novembre, relie le site de la future gare Saint-Sever&hellip;\n","protected":false},"author":2,"featured_media":557866,"comment_status":"","ping_status":"","sticky":false,"template":"","format":"standard","meta":{"footnotes":""},"categories":[9587],"tags":[1111,11,1777,674,1011,27,12,5161,25,9590],"class_list":{"0":"post-558808","1":"post","2":"type-post","3":"status-publish","4":"format-standard","5":"has-post-thumbnail","7":"category-rouen","8":"tag-actu","9":"tag-actualites","10":"tag-eu","11":"tag-europe","12":"tag-fr","13":"tag-france","14":"tag-news","15":"tag-normandie","16":"tag-republique-francaise","17":"tag-rouen"},"share_on_mastodon":{"url":"https:\/\/pubeurope.com\/@fr\/115613254456540349","error":""},"_links":{"self":[{"href":"https:\/\/www.europesays.com\/fr\/wp-json\/wp\/v2\/posts\/558808","targetHints":{"allow":["GET"]}}],"collection":[{"href":"https:\/\/www.europesays.com\/fr\/wp-json\/wp\/v2\/posts"}],"about":[{"href":"https:\/\/www.europesays.com\/fr\/wp-json\/wp\/v2\/types\/post"}],"author":[{"embeddable":true,"href":"https:\/\/www.europesays.com\/fr\/wp-json\/wp\/v2\/users\/2"}],"replies":[{"embeddable":true,"href":"https:\/\/www.europesays.com\/fr\/wp-json\/wp\/v2\/comments?post=558808"}],"version-history":[{"count":0,"href":"https:\/\/www.europesays.com\/fr\/wp-json\/wp\/v2\/posts\/558808\/revisions"}],"wp:featuredmedia":[{"embeddable":true,"href":"https:\/\/www.europesays.com\/fr\/wp-json\/wp\/v2\/media\/557866"}],"wp:attachment":[{"href":"https:\/\/www.europesays.com\/fr\/wp-json\/wp\/v2\/media?parent=558808"}],"wp:term":[{"taxonomy":"category","embeddable":true,"href":"https:\/\/www.europesays.com\/fr\/wp-json\/wp\/v2\/categories?post=558808"},{"taxonomy":"post_tag","embeddable":true,"href":"https:\/\/www.europesays.com\/fr\/wp-json\/wp\/v2\/tags?post=558808"}],"curies":[{"name":"wp","href":"https:\/\/api.w.org\/{rel}","templated":true}]}}