{"id":558813,"date":"2025-11-26T00:53:27","date_gmt":"2025-11-26T00:53:27","guid":{"rendered":"https:\/\/www.europesays.com\/fr\/558813\/"},"modified":"2025-11-26T00:53:27","modified_gmt":"2025-11-26T00:53:27","slug":"la-fete-foraine-de-retour-a-rennes-dates-horaires-maneges-animations-tarif-reduit-les-infos-pratiques","status":"publish","type":"post","link":"https:\/\/www.europesays.com\/fr\/558813\/","title":{"rendered":"La f\u00eate foraine de retour \u00e0 Rennes. Dates, horaires, man\u00e8ges, animations, tarif r\u00e9duit : les infos pratiques"},"content":{"rendered":"<p>                    Par<br \/>\n        <strong><br \/>\n            <a href=\"https:\/\/actu.fr\/auteur\/brian-legoff\" title=\"Consulter tous les articles de Brian Le Goff\" target=\"_blank\" rel=\"noopener\">Brian Le Goff<\/a><br \/>\n                    <\/strong><\/p>\n<p>        Publi\u00e9 le<\/p>\n<p>            25 nov. 2025 \u00e0 17h25        <\/p>\n<p>L\u2019odeur des chichis, les lumi\u00e8res \u00e9tincelantes, les rires ou les cris des jeunes\u2026 \u00e0 <a href=\"https:\/\/actu.fr\/rennes\/\" target=\"_blank\" rel=\"noopener\">Rennes<\/a>, la Foire d\u2019hiver avec sa <a href=\"https:\/\/actu.fr\/tag\/fete-foraine\" target=\"_blank\" rel=\"noopener\">f\u00eate foraine<\/a> fait son <strong>grand retour<\/strong> comme chaque fin d\u2019ann\u00e9e sur l\u2019<strong>esplanade Charles-de-Gaulle<\/strong>. Voici tout ce que vous devez savoir sur <a href=\"https:\/\/actu.fr\/bretagne\/rennes_35238\/fete-foraine-de-rennes-en-raison-des-conditions-meteorologiques-l-ouverture-est-annulee-ce-samedi_61971506.html\" target=\"_blank\" rel=\"noopener\">l\u2019\u00e9v\u00e9nement qui avait \u00e9t\u00e9 perturb\u00e9 par la m\u00e9t\u00e9o, d\u00e8s son ouverture, en 2024<\/a>.<\/p>\n<p>Dates, horaires<\/p>\n<p class=\" wall-content\"><strong>L\u2019inauguration<\/strong> aura lieu <strong>samedi 6\u00a0d\u00e9cembre \u00e0 14h<\/strong> avec l\u2019\u00e9quipe municipale et le <strong>bagad de Cesson-S\u00e9vign\u00e9<\/strong>. La f\u00eate foraine restera pr\u00e9sente sur l\u2019esplanade Charles-de-Gaulle <strong>jusqu\u2019au dimanche 4\u00a0janvier<\/strong> inclus.<\/p>\n<p class=\" wall-content\">Elle sera <strong>ouverte de 14h \u00e0 23h, du dimanche au jeudi. Les vendredis et samedis, jusqu\u2019\u00e0 1h.<\/strong> Le 24\u00a0d\u00e9cembre, elle fermera plus t\u00f4t tandis que, pour le Nouvel An, elle sera ouverte jusque tard dans la nuit.<\/p>\n<p class=\" wall-content\"><strong>L\u2019entr\u00e9e<\/strong> sur site est bien \u00e9videmment <strong>gratuite<\/strong>.<\/p>\n<p>Man\u00e8ges<\/p>\n<p class=\" wall-content\">Du c\u00f4t\u00e9 des attractions, le <strong>Crazy Jump<\/strong> fait son retour. Les incontournables<strong> Top Spin Fresh, Move in Top, Power Max, Bomber Max et Shanghai Express<\/strong> seront \u00e9galement l\u00e0. Au total, ce sont <strong>plus de 90 stands<\/strong> qui s\u2019installent au c\u0153ur du centre-ville durant un mois.<\/p>\n<p>Appli<\/p>\n<p class=\" wall-content\"><a href=\"https:\/\/actu.fr\/bretagne\/rennes_35238\/nouveau-a-rennes-tarifs-reduits-jeux-concours-journees-speciales-la-fete-foraine-lance-son-application_61936296.html\" target=\"_blank\" rel=\"noopener\">Lanc\u00e9e en 2024, l\u2019application de la Foire d\u2019Hiver<\/a> a eu droit \u00e0 <strong>quelques optimisations<\/strong> avec des mises \u00e0 jour, notamment au niveau de la charte graphique et pour une meilleure facilit\u00e9 d\u2019usage.<\/p>\n<p>Votre r\u00e9gion, votre actu !<\/p>\n<p>Recevez chaque jour les infos qui comptent pour vous.<\/p>\n<p>\t<a href=\"https:\/\/actu.fr\/newsletter\" class=\"ac-btn ac-btn--corner ac-btn--medium ac-btn--blue800\" target=\"_blank\" rel=\"noopener\">S&rsquo;incrire<\/a><\/p>\n<p class=\" wall-content\">\u00ab\u2009On aimerait pouvoir envoyer des notifications sur les portables, par exemple pour \u00e9voquer les journ\u00e9es en tarifs r\u00e9duits, d\u00e9velopper la pr\u00e9sentation de chaque attraction, etc., mais ce ne sera pas avant l\u2019an prochain\u2009\u00bb, indique <strong>Douglas Beaumont,<\/strong> repr\u00e9sentant de la Foire d\u2019hiver.<\/p>\n<p class=\" wall-content\">Vous pouvez aussi y retrouver les infos pratiques, les<strong> dates des journ\u00e9es \u00e0 tarifs r\u00e9duits,<\/strong> la rubrique contact en cas de besoin et une galerie photos avec une courte description des man\u00e8ges.<\/p>\n<p>Animations, tarifs r\u00e9duits<\/p>\n<p class=\" wall-content\">Les jours pr\u00e9c\u00e9dents le 24\u00a0d\u00e9cembre, des <strong>mascottes costum\u00e9es, dont le P\u00e8re No\u00ebl,<\/strong> seront pr\u00e9sentes dans les all\u00e9es de la f\u00eate foraine.<\/p>\n<p class=\" wall-content\">Des journ\u00e9es \u00e0 tarif r\u00e9duit sont \u00e9galement pr\u00e9vues, mais n\u2019ont pas \u00e9t\u00e9 d\u00e9voil\u00e9es pour l\u2019heure.<strong> Tous les jeudis, les \u00e9tudiants profiteront de tarifs r\u00e9duits<\/strong> aupr\u00e8s des man\u00e8ges participants, poursuit Douglas Beaumont.<\/p>\n<p>\u00ab\u2009Les gens sont plus prudents\u2009\u00bb<\/p>\n<p class=\" wall-content\">Ce retour des forains s\u2019inscrit dans un<strong> contexte \u00e9conomique \u00ab\u2009encore un petit peu plus compliqu\u00e9<\/strong> que l\u2019an dernier avec une instabilit\u00e9 au niveau politique et un co\u00fbt de la vie qui augmente et qui font que les gens sont plus prudents et d\u00e9pensent moins, malgr\u00e9 un engouement toujours au rendez-vous\u2009\u00bb.<\/p>\n<blockquote class=\"ac-article-quote wall-content\">\n<p>Il n&rsquo;y a pas de vraie baisse de la fr\u00e9quentation, mais plus une grosse baisse de la consommation.<\/p>\n<p>    <strong>Douglas Beaumont<\/strong>\n            <\/p><\/blockquote>\n<p class=\" wall-content\">Et ce contexte compliqu\u00e9 intervient aussi du c\u00f4t\u00e9 du <strong>droit d\u2019occupation<\/strong> de l\u2019espace dans la ville et \u00e0 la Pr\u00e9valaye, o\u00f9 les forains installent leurs caravanes moyennant un prix, <strong>cal\u00e9 sur l\u2019inflation<\/strong>.<\/p>\n<p class=\" wall-content\">Enfin, cette hausse g\u00e9n\u00e9rale des prix s\u2019applique aussi \u00e0 la<strong> maintenance des attractions<\/strong> avec un <strong>co\u00fbt des pi\u00e8ces<\/strong> qui explose depuis 2022, \u00ab\u2009pour certaines, c\u2019est <strong>de l\u2019ordre de plus de 100\u2009%\u2009\u00bb<\/strong>, observe le repr\u00e9sentant de la Foire d\u2019hiver.<\/p>\n<p class=\" wall-content\">Cela se <strong>r\u00e9percute-t-il dans le prix des tickets\u2009? \u00ab\u2009On essaye de ne pas le faire,<\/strong> mais des fois, c\u2019est juste impossible\u2009\u00bb, r\u00e9pond-il.<\/p>\n<p class=\" wall-content\">Personnalisez votre actualit\u00e9 en ajoutant vos villes et m\u00e9dias en favori avec <a href=\"https:\/\/moncompte.actu.fr\" title=\"D\u00e9couvez Mon Actu\" rel=\"nofollow noopener\" data-trk=\"{&quot;cta&quot;:{&quot;action&quot;:&quot;https:\\\/\\\/moncompte.actu.fr&quot;,&quot;category&quot;:&quot;mon compte&quot;,&quot;from&quot;:&quot;article footer&quot;,&quot;name&quot;:&quot;Mon actu&quot;,&quot;type&quot;:&quot;cta&quot;}}\" target=\"_blank\">Mon Actu<\/a>.<\/p>\n","protected":false},"excerpt":{"rendered":"Par Brian Le Goff Publi\u00e9 le 25 nov. 2025 \u00e0 17h25 L\u2019odeur des chichis, les lumi\u00e8res \u00e9tincelantes, les&hellip;\n","protected":false},"author":2,"featured_media":558814,"comment_status":"","ping_status":"","sticky":false,"template":"","format":"standard","meta":{"footnotes":""},"categories":[2821],"tags":[1111,11,829,1777,674,11501,1011,27,1652,12,57084,584,25],"class_list":{"0":"post-558813","1":"post","2":"type-post","3":"status-publish","4":"format-standard","5":"has-post-thumbnail","7":"category-rennes","8":"tag-actu","9":"tag-actualites","10":"tag-bretagne","11":"tag-eu","12":"tag-europe","13":"tag-fete-foraine","14":"tag-fr","15":"tag-france","16":"tag-loisirs-culture","17":"tag-news","18":"tag-noel-a-rennes","19":"tag-rennes","20":"tag-republique-francaise"},"share_on_mastodon":{"url":"https:\/\/pubeurope.com\/@fr\/115613270388874789","error":""},"_links":{"self":[{"href":"https:\/\/www.europesays.com\/fr\/wp-json\/wp\/v2\/posts\/558813","targetHints":{"allow":["GET"]}}],"collection":[{"href":"https:\/\/www.europesays.com\/fr\/wp-json\/wp\/v2\/posts"}],"about":[{"href":"https:\/\/www.europesays.com\/fr\/wp-json\/wp\/v2\/types\/post"}],"author":[{"embeddable":true,"href":"https:\/\/www.europesays.com\/fr\/wp-json\/wp\/v2\/users\/2"}],"replies":[{"embeddable":true,"href":"https:\/\/www.europesays.com\/fr\/wp-json\/wp\/v2\/comments?post=558813"}],"version-history":[{"count":0,"href":"https:\/\/www.europesays.com\/fr\/wp-json\/wp\/v2\/posts\/558813\/revisions"}],"wp:featuredmedia":[{"embeddable":true,"href":"https:\/\/www.europesays.com\/fr\/wp-json\/wp\/v2\/media\/558814"}],"wp:attachment":[{"href":"https:\/\/www.europesays.com\/fr\/wp-json\/wp\/v2\/media?parent=558813"}],"wp:term":[{"taxonomy":"category","embeddable":true,"href":"https:\/\/www.europesays.com\/fr\/wp-json\/wp\/v2\/categories?post=558813"},{"taxonomy":"post_tag","embeddable":true,"href":"https:\/\/www.europesays.com\/fr\/wp-json\/wp\/v2\/tags?post=558813"}],"curies":[{"name":"wp","href":"https:\/\/api.w.org\/{rel}","templated":true}]}}