{"id":558815,"date":"2025-11-26T00:54:16","date_gmt":"2025-11-26T00:54:16","guid":{"rendered":"https:\/\/www.europesays.com\/fr\/558815\/"},"modified":"2025-11-26T00:54:16","modified_gmt":"2025-11-26T00:54:16","slug":"previsions-du-mercredi-26-novembre-2025","status":"publish","type":"post","link":"https:\/\/www.europesays.com\/fr\/558815\/","title":{"rendered":"pr\u00e9visions du mercredi 26 novembre 2025"},"content":{"rendered":"<p>Aujourd&rsquo;hui, les temp\u00e9ratures s&rsquo;\u00e9chelonneront entre 3 et 8\u00b0C \u00e0 Rennes. Petits et grands pourront passer leur matin\u00e9e sous un ciel un peu nuageux. Les valeurs seront comprises entre 3 et 7\u00b0C. Un vent de nord-ouest soufflera l\u00e9g\u00e8rement, avec 5 km\/h. Le ciel sera toujours couvert l&rsquo;apr\u00e8s-midi avec des nuages. Les temp\u00e9ratures s&rsquo;\u00e9chelonneront de 6 \u00e0 8\u00b0C. Le ciel va l\u00e9g\u00e8rement se d\u00e9gager dans la soir\u00e9e avec des \u00e9claircies. Le ciel sera d\u00e9pourvu de nuages dans la nuit de mercredi \u00e0 jeudi.<\/p>\n<p>Encore de la grisaille demain. Les nuages vont stationner sur Rennes. C&rsquo;est une hausse de quelques degr\u00e9s que vont enregistrer les temp\u00e9ratures. Les valeurs afficheront entre 6 et 10\u00b0C. Un petit vent de sud sera ressenti par les habitants. Le matin, le soleil sera dissimul\u00e9 derri\u00e8re des nuages. On pr\u00e9voit des temp\u00e9ratures d&rsquo;environ 8\u00b0C. Demain apr\u00e8s-midi, le temps sera ponctu\u00e9 par de la bruine. Les valeurs s&rsquo;\u00e9chelonneront entre 9 et 10\u00b0C. De la pluie est pr\u00e9vue dans la soir\u00e9e. Les maximales iront jusqu&rsquo;\u00e0 11\u00b0C tandis que les minimales seront de 10\u00b0C.<\/p>\n<p>Le temps des jours qui suivent va s&rsquo;am\u00e9liorer. Des temp\u00e9ratures dans les 10\u00b0C iront de pair avec un ciel ensoleill\u00e9.<\/p>\n<p><\/p>\n","protected":false},"excerpt":{"rendered":"Aujourd&rsquo;hui, les temp\u00e9ratures s&rsquo;\u00e9chelonneront entre 3 et 8\u00b0C \u00e0 Rennes. Petits et grands pourront passer leur matin\u00e9e sous&hellip;\n","protected":false},"author":2,"featured_media":558816,"comment_status":"","ping_status":"","sticky":false,"template":"","format":"standard","meta":{"footnotes":""},"categories":[2821],"tags":[1111,11,829,1777,674,1011,27,12,2119,584,25],"class_list":{"0":"post-558815","1":"post","2":"type-post","3":"status-publish","4":"format-standard","5":"has-post-thumbnail","7":"category-rennes","8":"tag-actu","9":"tag-actualites","10":"tag-bretagne","11":"tag-eu","12":"tag-europe","13":"tag-fr","14":"tag-france","15":"tag-news","16":"tag-previsions-meteo","17":"tag-rennes","18":"tag-republique-francaise"},"share_on_mastodon":{"url":"https:\/\/pubeurope.com\/@fr\/115613274269879238","error":""},"_links":{"self":[{"href":"https:\/\/www.europesays.com\/fr\/wp-json\/wp\/v2\/posts\/558815","targetHints":{"allow":["GET"]}}],"collection":[{"href":"https:\/\/www.europesays.com\/fr\/wp-json\/wp\/v2\/posts"}],"about":[{"href":"https:\/\/www.europesays.com\/fr\/wp-json\/wp\/v2\/types\/post"}],"author":[{"embeddable":true,"href":"https:\/\/www.europesays.com\/fr\/wp-json\/wp\/v2\/users\/2"}],"replies":[{"embeddable":true,"href":"https:\/\/www.europesays.com\/fr\/wp-json\/wp\/v2\/comments?post=558815"}],"version-history":[{"count":0,"href":"https:\/\/www.europesays.com\/fr\/wp-json\/wp\/v2\/posts\/558815\/revisions"}],"wp:featuredmedia":[{"embeddable":true,"href":"https:\/\/www.europesays.com\/fr\/wp-json\/wp\/v2\/media\/558816"}],"wp:attachment":[{"href":"https:\/\/www.europesays.com\/fr\/wp-json\/wp\/v2\/media?parent=558815"}],"wp:term":[{"taxonomy":"category","embeddable":true,"href":"https:\/\/www.europesays.com\/fr\/wp-json\/wp\/v2\/categories?post=558815"},{"taxonomy":"post_tag","embeddable":true,"href":"https:\/\/www.europesays.com\/fr\/wp-json\/wp\/v2\/tags?post=558815"}],"curies":[{"name":"wp","href":"https:\/\/api.w.org\/{rel}","templated":true}]}}