{"id":558819,"date":"2025-11-26T00:56:13","date_gmt":"2025-11-26T00:56:13","guid":{"rendered":"https:\/\/www.europesays.com\/fr\/558819\/"},"modified":"2025-11-26T00:56:13","modified_gmt":"2025-11-26T00:56:13","slug":"previsions-du-mercredi-26-novembre-2025-2","status":"publish","type":"post","link":"https:\/\/www.europesays.com\/fr\/558819\/","title":{"rendered":"pr\u00e9visions du mercredi 26 novembre 2025"},"content":{"rendered":"<p>\u00c0 Strasbourg, la journ\u00e9e va rester voil\u00e9e \u00e0 cause de nuages qui se maintiennent dans le ciel. Il va pleuvoir. Les temp\u00e9ratures s&rsquo;\u00e9chelonneront entre 2 et 5\u00b0C. Une petite brise de nord-ouest soufflera. Les Strasbourgeois vont avoir froid le matin : les temp\u00e9ratures ne vont pas d\u00e9passer 4\u00b0C. Il fera 4\u00b0C en moyenne. Le soleil aura du mal \u00e0 percer au milieu des nuages qui perdureront dans l&rsquo;apr\u00e8s-midi. Les maximales atteindront les 5\u00b0C et les minimales seront de 4\u00b0C. La grisaille ne se dissipe toujours pas, il va y avoir encore des nuages le soir. Du mauvais temps est \u00e0 pr\u00e9voir. Des pluies \u00e9parses vont tomber. Les temp\u00e9ratures tourneront autour des 3\u00b0C. Un ciel l\u00e9g\u00e8rement voil\u00e9 est pr\u00e9vu dans la nuit reliant mercredi et jeudi.<\/p>\n<p>Demain, une diminution des temp\u00e9ratures est \u00e0 pr\u00e9voir \u00e0 Strasbourg. Les valeurs afficheront entre 0 et 5\u00b0C. Un l\u00e9ger vent de sud-est sera ressenti par les habitants. Encore de la grisaille le matin. De petits nuages vont stationner. On anticipe des temp\u00e9ratures avoisinant 3\u00b0C. Le ciel sera relativement lumineux, avec quelques \u00e9claircies demain apr\u00e8s-midi. Les valeurs seront de 2\u00b0C au minimum et de 5\u00b0C au plus haut. Les Strasbourgeois vont avoir froid demain soir : les temp\u00e9ratures ne vont pas d\u00e9passer 2\u00b0C. Les valeurs tourneront autour des 1\u00b0C.<\/p>\n<p>Pour les jours qui suivent, la m\u00e9t\u00e9o ne bougera pas. Il va faire un temps plut\u00f4t ensoleill\u00e9 avec des temp\u00e9ratures d&rsquo;environ 2\u00b0C.<\/p>\n<p><\/p>\n","protected":false},"excerpt":{"rendered":"\u00c0 Strasbourg, la journ\u00e9e va rester voil\u00e9e \u00e0 cause de nuages qui se maintiennent dans le ciel. Il&hellip;\n","protected":false},"author":2,"featured_media":558820,"comment_status":"","ping_status":"","sticky":false,"template":"","format":"standard","meta":{"footnotes":""},"categories":[2820],"tags":[1111,11,1777,674,1011,27,775,12,2119,25,640],"class_list":{"0":"post-558819","1":"post","2":"type-post","3":"status-publish","4":"format-standard","5":"has-post-thumbnail","7":"category-strasbourg","8":"tag-actu","9":"tag-actualites","10":"tag-eu","11":"tag-europe","12":"tag-fr","13":"tag-france","14":"tag-grand-est","15":"tag-news","16":"tag-previsions-meteo","17":"tag-republique-francaise","18":"tag-strasbourg"},"share_on_mastodon":{"url":"https:\/\/pubeurope.com\/@fr\/115613282162439236","error":""},"_links":{"self":[{"href":"https:\/\/www.europesays.com\/fr\/wp-json\/wp\/v2\/posts\/558819","targetHints":{"allow":["GET"]}}],"collection":[{"href":"https:\/\/www.europesays.com\/fr\/wp-json\/wp\/v2\/posts"}],"about":[{"href":"https:\/\/www.europesays.com\/fr\/wp-json\/wp\/v2\/types\/post"}],"author":[{"embeddable":true,"href":"https:\/\/www.europesays.com\/fr\/wp-json\/wp\/v2\/users\/2"}],"replies":[{"embeddable":true,"href":"https:\/\/www.europesays.com\/fr\/wp-json\/wp\/v2\/comments?post=558819"}],"version-history":[{"count":0,"href":"https:\/\/www.europesays.com\/fr\/wp-json\/wp\/v2\/posts\/558819\/revisions"}],"wp:featuredmedia":[{"embeddable":true,"href":"https:\/\/www.europesays.com\/fr\/wp-json\/wp\/v2\/media\/558820"}],"wp:attachment":[{"href":"https:\/\/www.europesays.com\/fr\/wp-json\/wp\/v2\/media?parent=558819"}],"wp:term":[{"taxonomy":"category","embeddable":true,"href":"https:\/\/www.europesays.com\/fr\/wp-json\/wp\/v2\/categories?post=558819"},{"taxonomy":"post_tag","embeddable":true,"href":"https:\/\/www.europesays.com\/fr\/wp-json\/wp\/v2\/tags?post=558819"}],"curies":[{"name":"wp","href":"https:\/\/api.w.org\/{rel}","templated":true}]}}