{"id":558821,"date":"2025-11-26T00:57:12","date_gmt":"2025-11-26T00:57:12","guid":{"rendered":"https:\/\/www.europesays.com\/fr\/558821\/"},"modified":"2025-11-26T00:57:12","modified_gmt":"2025-11-26T00:57:12","slug":"le-rappeur-freeze-corleone-juge-en-fevrier-pour-apologie-du-terrorisme","status":"publish","type":"post","link":"https:\/\/www.europesays.com\/fr\/558821\/","title":{"rendered":"le rappeur Freeze Corleone jug\u00e9 en f\u00e9vrier pour apologie du terrorisme"},"content":{"rendered":"<p>Le parquet de Nice (C\u00f4te-d&rsquo;Azur) a annonc\u00e9 ce mardi 25 novembre des poursuites contre le rappeur Freeze Corleone accus\u00e9 \u00ab\u00a0d&rsquo;apologie du terrorisme\u00a0\u00bb. Ce dernier est accus\u00e9 d&rsquo;avoir mentionn\u00e9 les attentats de Nice dans un morceau publi\u00e9 en f\u00e9vrier 2024 avec le rappeur allemand Luciano.<\/p>\n<p>Une rime \u00e0 l&rsquo;origine de la controverse. Le parquet de <a href=\"https:\/\/www.bfmtv.com\/cote-d-azur\/faits-divers\/un-homme-gravement-blesse-par-balles-a-nice-pendant-un-reglement-de-compte-un-suspect-interpelle_AN-202511230397.html\" title=\"Un homme gravement bless\u00e9 par balles \u00e0 Nice pendant un r\u00e8glement de compte, cinq personnes interpell\u00e9es\" class=\"internal_link\" target=\"_blank\" rel=\"noopener\">Nice<\/a> (C\u00f4te-d&rsquo;Azur) a annonc\u00e9 que l&rsquo;artiste francophone a \u00e9t\u00e9 entendu ce mardi 25 novembre pour des accusations \u00ab\u00a0d&rsquo;apologie du terrorisme\u00a0\u00bb.<\/p>\n<p>En cause, le morceau Haaland qui figure sur l&rsquo;album seductive du rappeur allemand Luciano o\u00f9 figure le rappeur fran\u00e7ais <a href=\"https:\/\/www.bfmtv.com\/people\/musique\/textes-provocateurs-imaginaire-complotiste-qui-est-freeze-corleone-le-rappeur-vise-par-une-enquete-pour-apologie-du-terrorisme_AN-202402160044.html\" title=\"Provocations, complotisme... Qui est Freeze Corleone, le rappeur vis\u00e9 par une enqu\u00eate pour &quot;apologie du terrorisme&quot;?\" class=\"internal_link\" target=\"_blank\" rel=\"noopener\">Freeze Corleone<\/a>. Plus pr\u00e9cis\u00e9ment, c&rsquo;est un couplet du fran\u00e7ais qui est mis en cause.<\/p>\n<blockquote class=\"embed embed_quote\"><p>\u00ab\u00a0En d\u00e9fense je suis Kalidou, t\u2019es Lenglet. Burberry comme un grand p\u00e8re anglais. J\u2019arrive dans l\u2019rap comme un camion qui bombarde \u00e0 fond sur la -\u00ab\u00a0, peut-on entendre sur le titre.<\/p><\/blockquote>\n<p>Une convocation en f\u00e9vrier 2026<\/p>\n<p>Si aucune mention n&rsquo;est explicitement faite, le parquet de Nice du chef et plusieurs victimes de <a href=\"https:\/\/www.bfmtv.com\/cote-d-azur\/attentat-de-la-basilique-de-nice-le-proces-en-appel-de-brahim-aouissaoui-aura-lieu-en-decembre-2026_AV-202506050312.html\" title=\"Attentat de la basilique de Nice: le proc\u00e8s en appel de Brahim Aouissaoui aura lieu en d\u00e9cembre 2026\" class=\"internal_link\" target=\"_blank\" rel=\"noopener\">l&rsquo;attentat du 14 juillet 2016 \u00e0 Nice<\/a> accusent le rappeur d\u2019apologie de terrorisme.<\/p>\n<p>Une affaire confi\u00e9e au SIPJ 06 dans laquelle Freeze Corleone, de son v\u00e9ritable pr\u00e9nom Issa Lorenzo Diakhat\u00e9, \u00e2g\u00e9 de 33 ans, a \u00e9t\u00e9 entendu ce mardi apr\u00e8s plusieurs convocations rest\u00e9es vaines, pr\u00e9cise le parquet dans un communiqu\u00e9.<\/p>\n<blockquote class=\"embed embed_quote\"><p>\u00ab\u00a0L\u2019interpr\u00e8te des paroles pr\u00e9cit\u00e9es connu sous le nom de sc\u00e8ne de Freeze Corleone, \u00e9tait entendu ce jour dans le cadre d\u2019une audition libre. Il faisait valoir son droit au silence et refusait de r\u00e9pondre aux questions pos\u00e9es\u00a0\u00bb, peut-on lire.<\/p><\/blockquote>\n<p>\u00ab\u00a0Apr\u00e8s analyse des \u00e9l\u00e9ments r\u00e9unis dans le cadre de l\u2019enqu\u00eate et \u00e0 l\u2019issue de l\u2019audition de ce jour, une convocation \u00e0 compara\u00eetre devant le tribunal correctionnel de Nice le 16 f\u00e9vrier 2026 pour des faits d\u2019apologie du terrorisme en utilisant un service de communication au public en ligne lui a \u00e9t\u00e9 notifi\u00e9e\u00a0\u00bb, conclu le parquet.<\/p>\n<p>L&rsquo;artiste et son manager se d\u00e9fendent<\/p>\n<p>Il ne s&rsquo;agit pas de la premi\u00e8re pol\u00e9mique pour le rappeur Freeze Corleone. D\u00e9j\u00e0 accus\u00e9 en 2020 d&rsquo;antis\u00e9mitisme dans certains de ses textes sur l&rsquo;album La menace fant\u00f4me (LMF), le rappeur et son entourage s&rsquo;\u00e9taient d\u00e9fendus de toutes interpr\u00e9tations. Une enqu\u00eate <a href=\"https:\/\/www.bfmtv.com\/people\/musique\/textes-provocateurs-imaginaire-complotiste-qui-est-freeze-corleone-le-rappeur-vise-par-une-enquete-pour-apologie-du-terrorisme_AN-202402160044.html\" title=\"Provocations, complotisme... Qui est Freeze Corleone, le rappeur vis\u00e9 par une enqu\u00eate pour &quot;apologie du terrorisme&quot;?\" class=\"internal_link\" target=\"_blank\" rel=\"noopener\">class\u00e9e sans suite<\/a>.<\/p>\n<p>Bis repetita d\u00e9but 2024 lorsque plusieurs responsables politiques ni\u00e7ois, Eric Ciotti et Christian Estrosi ont qualifi\u00e9 le son Haaland \u00ab\u00a0d&rsquo;apologie du terrorisme\u00a0\u00bb. Lorsque Eric Ciotti \u00e9voquait \u00ab\u00a0une insinuation immonde\u00a0\u00bb et \u00ab\u00a0une nouvelle \u00e9tape vers l\u2019inf\u00e2me\u00a0\u00bb franchie par le rappeur, Christian Estrosi s\u2019\u00e9tait \u00e9galement scandalis\u00e9 d\u2019une nouvelle \u00ab\u00a0provocation ignoble\u00a0\u00bb, \u00ab\u00a0inf\u00e2me\u00a0\u00bb, esp\u00e9rant que \u00ab\u00a0le morceau sera interdit par la justice\u00a0\u00bb.<\/p>\n<p>Ces prises de parole politique avaient fait sortir le rappeur et son manageur de leur silence, dans un communiqu\u00e9 publi\u00e9 le 13 f\u00e9vrier 2024.<\/p>\n<p>\u00ab\u00a0Messieurs Estrosi et Ciotti ont cru bon de devoir diffamer Freeze Corleone, en inventant, eux-m\u00eames, des paroles qu\u2019ils ont d\u00e9cid\u00e9 d\u2019ajouter au couplet de l\u2019artiste, pour pouvoir ensuite les d\u00e9noncer\u00a0\u00bb, annon\u00e7ait alors l&rsquo;entourage de l&rsquo;artiste. \u00ab\u00a0Les d\u00e9nonciateurs sont en r\u00e9alit\u00e9 les auteurs\u00a0\u00bb, pouvait-on lire.<\/p>\n<p>Contact\u00e9 \u00e0 l&rsquo;\u00e9poque par nos confr\u00e8res du <a href=\"https:\/\/www.lefigaro.fr\/nice\/apologie-du-terrorisme-le-rappeur-freeze-corleone-annonce-poursuivre-en-diffamation-estrosi-et-ciotti-20240214\" target=\"_blank\" class=\"external_link\" rel=\"noopener\">Figaro<\/a>, l&rsquo;avocat de Freeze Corleone, Me Sanjay Mirabeau, ajoutait \u00ab\u00a0[qu\u2019il] apportera les documents n\u00e9cessaires pour montrer qu\u2019il y a un point \u00e0 la fin de cette phrase\u00a0\u00bb, et non des points de suspension. Un changement notable pour r\u00e9pondre \u00e0 ces accusateurs.<\/p>\n<p>R\u00e9guli\u00e8rement d\u00e9programm\u00e9 de concerts et de festivals, Freeze Corleone a \u00e9t\u00e9 <a href=\"https:\/\/www.bfmtv.com\/people\/eurockeennes-le-president-du-festival-denonce-l-interdiction-du-concert-de-freeze-corleone_AD-202507070260.html\" title=\"Eurock\u00e9ennes: le pr\u00e9sident du festival d\u00e9nonce l&#039;interdiction du concert de Freeze Corleone\" class=\"internal_link\" target=\"_blank\" rel=\"noopener\">interdit de se produire au festival alsacien des Eurock\u00e9ennes<\/a> au mois de juillet dernier par le pr\u00e9fet du Territoire de Belfort, Alain Charrier. Une d\u00e9cision ensuite valid\u00e9e par le tribunal administratif.<\/p>\n<p>Partager <\/p>\n","protected":false},"excerpt":{"rendered":"Le parquet de Nice (C\u00f4te-d&rsquo;Azur) a annonc\u00e9 ce mardi 25 novembre des poursuites contre le rappeur Freeze Corleone&hellip;\n","protected":false},"author":2,"featured_media":558822,"comment_status":"","ping_status":"","sticky":false,"template":"","format":"standard","meta":{"footnotes":""},"categories":[2819],"tags":[1111,11,1777,674,1011,27,12,2401,882,25],"class_list":{"0":"post-558821","1":"post","2":"type-post","3":"status-publish","4":"format-standard","5":"has-post-thumbnail","7":"category-nice","8":"tag-actu","9":"tag-actualites","10":"tag-eu","11":"tag-europe","12":"tag-fr","13":"tag-france","14":"tag-news","15":"tag-nice","16":"tag-provence-alpes-cote-dazur","17":"tag-republique-francaise"},"share_on_mastodon":{"url":"https:\/\/pubeurope.com\/@fr\/115613286033365284","error":""},"_links":{"self":[{"href":"https:\/\/www.europesays.com\/fr\/wp-json\/wp\/v2\/posts\/558821","targetHints":{"allow":["GET"]}}],"collection":[{"href":"https:\/\/www.europesays.com\/fr\/wp-json\/wp\/v2\/posts"}],"about":[{"href":"https:\/\/www.europesays.com\/fr\/wp-json\/wp\/v2\/types\/post"}],"author":[{"embeddable":true,"href":"https:\/\/www.europesays.com\/fr\/wp-json\/wp\/v2\/users\/2"}],"replies":[{"embeddable":true,"href":"https:\/\/www.europesays.com\/fr\/wp-json\/wp\/v2\/comments?post=558821"}],"version-history":[{"count":0,"href":"https:\/\/www.europesays.com\/fr\/wp-json\/wp\/v2\/posts\/558821\/revisions"}],"wp:featuredmedia":[{"embeddable":true,"href":"https:\/\/www.europesays.com\/fr\/wp-json\/wp\/v2\/media\/558822"}],"wp:attachment":[{"href":"https:\/\/www.europesays.com\/fr\/wp-json\/wp\/v2\/media?parent=558821"}],"wp:term":[{"taxonomy":"category","embeddable":true,"href":"https:\/\/www.europesays.com\/fr\/wp-json\/wp\/v2\/categories?post=558821"},{"taxonomy":"post_tag","embeddable":true,"href":"https:\/\/www.europesays.com\/fr\/wp-json\/wp\/v2\/tags?post=558821"}],"curies":[{"name":"wp","href":"https:\/\/api.w.org\/{rel}","templated":true}]}}