{"id":558823,"date":"2025-11-26T00:58:13","date_gmt":"2025-11-26T00:58:13","guid":{"rendered":"https:\/\/www.europesays.com\/fr\/558823\/"},"modified":"2025-11-26T00:58:13","modified_gmt":"2025-11-26T00:58:13","slug":"previsions-du-mercredi-26-novembre-2025-3","status":"publish","type":"post","link":"https:\/\/www.europesays.com\/fr\/558823\/","title":{"rendered":"pr\u00e9visions du mercredi 26 novembre 2025"},"content":{"rendered":"<p>\u00c0 Nice, les valeurs seront comprises entre 6\u00b0C et 12\u00b0C dans la journ\u00e9e. Le temps va peu \u00e0 peu s&rsquo;am\u00e9liorer dans la matin\u00e9e et laisser place \u00e0 des \u00e9claircies. Les temp\u00e9ratures s&rsquo;\u00e9chelonneront entre 6 et 12\u00b0C. Un l\u00e9ger vent de nord-ouest sera ressenti par les habitants. L&rsquo;apr\u00e8s-midi, les Ni\u00e7ois vont pouvoir b\u00e9n\u00e9ficier d&rsquo;un soleil radieux. Les valeurs afficheront entre 9 et 12\u00b0C. Le ciel va l\u00e9g\u00e8rement se d\u00e9gager dans la soir\u00e9e avec des \u00e9claircies. Pendant votre sommeil, dans la nuit de mercredi \u00e0 jeudi, le ciel sera clair.<\/p>\n<p>Il fera environ 9\u00b0C \u00e0 Nice, demain. La m\u00e9t\u00e9o devrait s&rsquo;am\u00e9liorer durant la matin\u00e9e. Les maximales atteindront les 12\u00b0C tandis que les minimales seront de 6\u00b0C. Une brise de nord-ouest soufflera doucement. Un splendide soleil va briller et ce, tout au long de l&rsquo;apr\u00e8s-midi. Les temp\u00e9ratures iront de 10 \u00e0 12\u00b0C. Apr\u00e8s un passage nuageux, des \u00e9claircies sont attendues : on passera une soir\u00e9e agr\u00e9able. Les temp\u00e9ratures tourneront autour des 8\u00b0C. Un vent de nord-ouest soufflera un peu, avec 9 km\/h.<\/p>\n<p>Les jours suivants s&rsquo;annoncent similaires. Des temp\u00e9ratures dans les 10\u00b0C iront de pair avec un ciel ensoleill\u00e9.<\/p>\n<p><\/p>\n","protected":false},"excerpt":{"rendered":"\u00c0 Nice, les valeurs seront comprises entre 6\u00b0C et 12\u00b0C dans la journ\u00e9e. Le temps va peu \u00e0&hellip;\n","protected":false},"author":2,"featured_media":558824,"comment_status":"","ping_status":"","sticky":false,"template":"","format":"standard","meta":{"footnotes":""},"categories":[2819],"tags":[1111,11,1777,674,1011,27,12,2401,2119,882,25],"class_list":{"0":"post-558823","1":"post","2":"type-post","3":"status-publish","4":"format-standard","5":"has-post-thumbnail","7":"category-nice","8":"tag-actu","9":"tag-actualites","10":"tag-eu","11":"tag-europe","12":"tag-fr","13":"tag-france","14":"tag-news","15":"tag-nice","16":"tag-previsions-meteo","17":"tag-provence-alpes-cote-dazur","18":"tag-republique-francaise"},"share_on_mastodon":{"url":"https:\/\/pubeurope.com\/@fr\/115613290001528038","error":""},"_links":{"self":[{"href":"https:\/\/www.europesays.com\/fr\/wp-json\/wp\/v2\/posts\/558823","targetHints":{"allow":["GET"]}}],"collection":[{"href":"https:\/\/www.europesays.com\/fr\/wp-json\/wp\/v2\/posts"}],"about":[{"href":"https:\/\/www.europesays.com\/fr\/wp-json\/wp\/v2\/types\/post"}],"author":[{"embeddable":true,"href":"https:\/\/www.europesays.com\/fr\/wp-json\/wp\/v2\/users\/2"}],"replies":[{"embeddable":true,"href":"https:\/\/www.europesays.com\/fr\/wp-json\/wp\/v2\/comments?post=558823"}],"version-history":[{"count":0,"href":"https:\/\/www.europesays.com\/fr\/wp-json\/wp\/v2\/posts\/558823\/revisions"}],"wp:featuredmedia":[{"embeddable":true,"href":"https:\/\/www.europesays.com\/fr\/wp-json\/wp\/v2\/media\/558824"}],"wp:attachment":[{"href":"https:\/\/www.europesays.com\/fr\/wp-json\/wp\/v2\/media?parent=558823"}],"wp:term":[{"taxonomy":"category","embeddable":true,"href":"https:\/\/www.europesays.com\/fr\/wp-json\/wp\/v2\/categories?post=558823"},{"taxonomy":"post_tag","embeddable":true,"href":"https:\/\/www.europesays.com\/fr\/wp-json\/wp\/v2\/tags?post=558823"}],"curies":[{"name":"wp","href":"https:\/\/api.w.org\/{rel}","templated":true}]}}