{"id":558827,"date":"2025-11-26T01:00:14","date_gmt":"2025-11-26T01:00:14","guid":{"rendered":"https:\/\/www.europesays.com\/fr\/558827\/"},"modified":"2025-11-26T01:00:14","modified_gmt":"2025-11-26T01:00:14","slug":"previsions-du-mercredi-26-novembre-2025-4","status":"publish","type":"post","link":"https:\/\/www.europesays.com\/fr\/558827\/","title":{"rendered":"pr\u00e9visions du mercredi 26 novembre 2025"},"content":{"rendered":"<p>Aujourd&rsquo;hui, toujours des nuages dans le ciel qui emp\u00eachent le soleil d&rsquo;appara\u00eetre \u00e0 Nantes. Les valeurs seront de 3\u00b0C au minimum et de 8\u00b0C au plus haut. Le soleil fera d\u00e9faut le matin, car le ciel sera couvert par de l\u00e9gers nuages. Les temp\u00e9ratures s&rsquo;\u00e9chelonneront entre 3 et 7\u00b0C. Une brise de nord-ouest soufflera l\u00e9g\u00e8rement. La grisaille ne se dissipe toujours pas, il y aura encore des nuages l&rsquo;apr\u00e8s-midi. Les valeurs afficheront entre 7 et 8\u00b0C. La soir\u00e9e va rester couverte \u00e0 cause de petits nuages qui se maintiennent dans le ciel. Les temp\u00e9ratures seront comprises entre 6 et 7\u00b0C. Durant votre sommeil, dans la nuit de mercredi \u00e0 jeudi, le ciel sera clair.<\/p>\n<p>Demain, Nantes devra encore patienter avant que les nuages ne se dissipent. La m\u00e9t\u00e9o va se r\u00e9chauffer avec une hausse de quelques degr\u00e9s. On pr\u00e9voit des valeurs d&rsquo;environ 8\u00b0C. Le matin, le soleil sera cach\u00e9 derri\u00e8re des nuages. Les temp\u00e9ratures seront de 7\u00b0C. Un vent de sud-est soufflera \u00e0 23 km\/h. On notera la pr\u00e9sence persistante de nuages demain apr\u00e8s-midi. Du mauvais temps est \u00e0 pr\u00e9voir. Des pluies \u00e9parses vont tomber. Les maximales atteindront les 9\u00b0C et les minimales seront de 8\u00b0C. Les nuages en pr\u00e9vision demain soir, et un ciel encore gris. Des pluies \u00e9parses vont tomber. Les temp\u00e9ratures tourneront autour des 10\u00b0C. Un vent de sud-est est attendu : il soufflera \u00e0 21 km\/h.<\/p>\n<p>Les conditions m\u00e9t\u00e9orologiques des journ\u00e9es suivantes vont changer peu \u00e0 peu. Apr\u00e8s un temps stable vendredi, la situation changera samedi.<\/p>\n<p><\/p>\n","protected":false},"excerpt":{"rendered":"Aujourd&rsquo;hui, toujours des nuages dans le ciel qui emp\u00eachent le soleil d&rsquo;appara\u00eetre \u00e0 Nantes. Les valeurs seront de&hellip;\n","protected":false},"author":2,"featured_media":558828,"comment_status":"","ping_status":"","sticky":false,"template":"","format":"standard","meta":{"footnotes":""},"categories":[2818],"tags":[1111,11,1777,674,1011,27,766,12,2636,2119,25],"class_list":{"0":"post-558827","1":"post","2":"type-post","3":"status-publish","4":"format-standard","5":"has-post-thumbnail","7":"category-nantes","8":"tag-actu","9":"tag-actualites","10":"tag-eu","11":"tag-europe","12":"tag-fr","13":"tag-france","14":"tag-nantes","15":"tag-news","16":"tag-pays-de-la-loire","17":"tag-previsions-meteo","18":"tag-republique-francaise"},"share_on_mastodon":{"url":"https:\/\/pubeurope.com\/@fr\/115613297740785590","error":""},"_links":{"self":[{"href":"https:\/\/www.europesays.com\/fr\/wp-json\/wp\/v2\/posts\/558827","targetHints":{"allow":["GET"]}}],"collection":[{"href":"https:\/\/www.europesays.com\/fr\/wp-json\/wp\/v2\/posts"}],"about":[{"href":"https:\/\/www.europesays.com\/fr\/wp-json\/wp\/v2\/types\/post"}],"author":[{"embeddable":true,"href":"https:\/\/www.europesays.com\/fr\/wp-json\/wp\/v2\/users\/2"}],"replies":[{"embeddable":true,"href":"https:\/\/www.europesays.com\/fr\/wp-json\/wp\/v2\/comments?post=558827"}],"version-history":[{"count":0,"href":"https:\/\/www.europesays.com\/fr\/wp-json\/wp\/v2\/posts\/558827\/revisions"}],"wp:featuredmedia":[{"embeddable":true,"href":"https:\/\/www.europesays.com\/fr\/wp-json\/wp\/v2\/media\/558828"}],"wp:attachment":[{"href":"https:\/\/www.europesays.com\/fr\/wp-json\/wp\/v2\/media?parent=558827"}],"wp:term":[{"taxonomy":"category","embeddable":true,"href":"https:\/\/www.europesays.com\/fr\/wp-json\/wp\/v2\/categories?post=558827"},{"taxonomy":"post_tag","embeddable":true,"href":"https:\/\/www.europesays.com\/fr\/wp-json\/wp\/v2\/tags?post=558827"}],"curies":[{"name":"wp","href":"https:\/\/api.w.org\/{rel}","templated":true}]}}