{"id":558829,"date":"2025-11-26T01:02:19","date_gmt":"2025-11-26T01:02:19","guid":{"rendered":"https:\/\/www.europesays.com\/fr\/558829\/"},"modified":"2025-11-26T01:02:19","modified_gmt":"2025-11-26T01:02:19","slug":"blanquefort-va-rallumer-la-nuit-pour-lutter-entre-autres-contre-les-vols-de-cables-en-cuivre","status":"publish","type":"post","link":"https:\/\/www.europesays.com\/fr\/558829\/","title":{"rendered":"Blanquefort va rallumer la nuit pour lutter, entre autres, contre les vols de c\u00e2bles en cuivre"},"content":{"rendered":"<p>Le contexte s\u2019y pr\u00eate. En effet, la municipalit\u00e9 n\u2019a pas attendu la flamb\u00e9e des co\u00fbts \u00e9nerg\u00e9tiques pour h\u00e2ter le pas vers la transition. La mise en place des luminaires LED a pr\u00e9c\u00e9d\u00e9 la guerre en Ukraine. Montant de la d\u00e9pense\u00a0: 1,3\u00a0million d\u2019euros, somme r\u00e9partie sur deux exercices. Pourquoi rallumer maintenant\u00a0?<\/p>\n<p>\u00ab\u00a0Nous avons eu, il y a quelques mois, une premi\u00e8re sollicitation du pr\u00e9fet pour une remise en service de l\u2019\u00e9clairage, en particulier aux abords du tram\u00a0\u00bb, explique le premier adjoint Bruno Far\u00e9niaux. La requ\u00eate faisait suite \u00e0 un accident mortel.<\/p>\n<blockquote><p>\u00ab\u00a0Le renouvellement des c\u00e2bles co\u00fbte un bras \u00e0 la commune\u00a0\u00bb<\/p><\/blockquote>\n<p>Un autre constat a pes\u00e9\u00a0: la recrudescence des vols de c\u00e2bles et les d\u00e9gradations sur le r\u00e9seau d\u2019\u00e9clairage. La valeur \u00e9lev\u00e9e du cuivre aiguise les app\u00e9tits. Le ph\u00e9nom\u00e8ne d\u00e9passe largement le cadre local. \u00ab\u00a0Le renouvellement des c\u00e2bles co\u00fbte un bras \u00e0 la commune\u00a0\u00bb, reconna\u00eet la maire V\u00e9ronique Ferreira. Et d\u2019\u00e9voquer hors conseil un pr\u00e9judice compris entre 300\u00a0000\u00a0et 400\u00a0000 euros sur un an. Selon elle, les retours d\u2019exp\u00e9rience tendent \u00e0 d\u00e9montrer \u00ab\u00a0une baisse sensible de ce type de vol dans les zones \u00e9clair\u00e9es\u00a0\u00bb.<\/p>\n<p>        <img decoding=\"async\" id=\"26850355\" src=\"https:\/\/www.europesays.com\/fr\/wp-content\/uploads\/2025\/11\/cm-de-blanquefort.jpg\" alt=\"La d\u00e9lib\u00e9ration a \u00e9t\u00e9 pr\u00e9sent\u00e9e par Bruno Far\u00e9niaux et V\u00e9ronique Ferreira.\" itemprop=\"contentURL\"\/><\/p>\n<p>    La d\u00e9lib\u00e9ration a \u00e9t\u00e9 pr\u00e9sent\u00e9e par Bruno Far\u00e9niaux et V\u00e9ronique Ferreira.<\/p>\n<p>O.\u00a0D.<\/p>\n<p>    Trois mille cand\u00e9labres<\/p>\n<p>Ce retour de l\u2019\u00e9clairage public restera coh\u00e9rent avec une d\u00e9marche de sobri\u00e9t\u00e9 \u00e9nerg\u00e9tique gr\u00e2ce \u00e0 l\u2019instauration d\u2019un abaissement de l\u2019intensit\u00e9 lumineuse selon les heures et les zones\u00a0: r\u00e9duction jusqu\u2019\u00e0 50\u00a0% sur les axes principaux comme l\u2019avenue du G\u00e9n\u00e9ral-de-Gaulle et jusqu\u2019\u00e0 85\u00a0% sur les axes secondaires.<\/p>\n<p>Pour y parvenir, la municipalit\u00e9 doit doter chaque point lumineux d\u2019un potentiom\u00e8tre. Plusieurs le sont d\u00e9j\u00e0 dans les lotissements. Blanquefort compte 3\u00a0000 cand\u00e9labres. Compl\u00e9ter la couverture du r\u00e9seau devrait s\u2019\u00e9lever entre 100\u00a0000\u00a0et 150\u00a0000 euros.<\/p>\n<p>Concr\u00e8tement, le retour de l\u2019\u00e9clairage public sans interruption devrait avoir lieu en d\u00e9cembre ou janvier. Actuellement, la plage d\u2019extinction s\u2019\u00e9tale entre 1 heure et 5\u00a0heures du matin.<\/p>\n<p>Ins\u00e9curit\u00e9 ressentie<\/p>\n<p>L\u2019\u00e9lu d\u2019opposition Marc Fran\u00e7ois approuve le revirement. \u00ab\u00a0Lors de l\u2019adoption de l\u2019extinction, j\u2019avais d\u00e9j\u00e0 dit que l\u2019id\u00e9e \u00e9tait mauvaise, ayant connu d\u2019autres exp\u00e9riences de ce type ailleurs, justifie-t-il. L\u00e0, vous parlez de vols de c\u00e2bles, mais il y a aussi l\u2019ins\u00e9curit\u00e9 ressentie par les habitants.\u00a0\u00bb<\/p>\n","protected":false},"excerpt":{"rendered":"Le contexte s\u2019y pr\u00eate. En effet, la municipalit\u00e9 n\u2019a pas attendu la flamb\u00e9e des co\u00fbts \u00e9nerg\u00e9tiques pour h\u00e2ter&hellip;\n","protected":false},"author":2,"featured_media":558830,"comment_status":"","ping_status":"","sticky":false,"template":"","format":"standard","meta":{"footnotes":""},"categories":[2817],"tags":[1111,11,1997,1777,674,1011,27,12,2219,25],"class_list":{"0":"post-558829","1":"post","2":"type-post","3":"status-publish","4":"format-standard","5":"has-post-thumbnail","7":"category-bordeaux","8":"tag-actu","9":"tag-actualites","10":"tag-bordeaux","11":"tag-eu","12":"tag-europe","13":"tag-fr","14":"tag-france","15":"tag-news","16":"tag-nouvelle-aquitaine","17":"tag-republique-francaise"},"share_on_mastodon":{"url":"https:\/\/pubeurope.com\/@fr\/115613306602971873","error":""},"_links":{"self":[{"href":"https:\/\/www.europesays.com\/fr\/wp-json\/wp\/v2\/posts\/558829","targetHints":{"allow":["GET"]}}],"collection":[{"href":"https:\/\/www.europesays.com\/fr\/wp-json\/wp\/v2\/posts"}],"about":[{"href":"https:\/\/www.europesays.com\/fr\/wp-json\/wp\/v2\/types\/post"}],"author":[{"embeddable":true,"href":"https:\/\/www.europesays.com\/fr\/wp-json\/wp\/v2\/users\/2"}],"replies":[{"embeddable":true,"href":"https:\/\/www.europesays.com\/fr\/wp-json\/wp\/v2\/comments?post=558829"}],"version-history":[{"count":0,"href":"https:\/\/www.europesays.com\/fr\/wp-json\/wp\/v2\/posts\/558829\/revisions"}],"wp:featuredmedia":[{"embeddable":true,"href":"https:\/\/www.europesays.com\/fr\/wp-json\/wp\/v2\/media\/558830"}],"wp:attachment":[{"href":"https:\/\/www.europesays.com\/fr\/wp-json\/wp\/v2\/media?parent=558829"}],"wp:term":[{"taxonomy":"category","embeddable":true,"href":"https:\/\/www.europesays.com\/fr\/wp-json\/wp\/v2\/categories?post=558829"},{"taxonomy":"post_tag","embeddable":true,"href":"https:\/\/www.europesays.com\/fr\/wp-json\/wp\/v2\/tags?post=558829"}],"curies":[{"name":"wp","href":"https:\/\/api.w.org\/{rel}","templated":true}]}}