{"id":558831,"date":"2025-11-26T01:03:16","date_gmt":"2025-11-26T01:03:16","guid":{"rendered":"https:\/\/www.europesays.com\/fr\/558831\/"},"modified":"2025-11-26T01:03:16","modified_gmt":"2025-11-26T01:03:16","slug":"previsions-du-mercredi-26-novembre-2025-5","status":"publish","type":"post","link":"https:\/\/www.europesays.com\/fr\/558831\/","title":{"rendered":"pr\u00e9visions du mercredi 26 novembre 2025"},"content":{"rendered":"<p>C&rsquo;est un soleil radieux qui va se montrer aujourd&rsquo;hui sur Bordeaux. Le thermom\u00e8tre affichera 7\u00b0C en moyenne. Un vent de nord-ouest soufflera doucement. Les Bordelais vont avoir froid le matin : les temp\u00e9ratures ne vont pas d\u00e9passer 8\u00b0C. Les valeurs iront de 4 \u00e0 8\u00b0C. L&rsquo;air ambiant va se r\u00e9chauffer l&rsquo;apr\u00e8s-midi avec une hausse de quelques degr\u00e9s. Les maximales iront jusqu&rsquo;\u00e0 9\u00b0C et les minimales seront de 7\u00b0C. La ville aura quelques \u00e9claircies le soir. On anticipe des temp\u00e9ratures d&rsquo;environ 6\u00b0C. On passera de mercredi \u00e0 jeudi par une nuit claire.<\/p>\n<p>Le soleil se fera d\u00e9sirer demain sur Bordeaux, o\u00f9 des nuages sont bien install\u00e9s. Les valeurs s&rsquo;\u00e9chelonneront entre 5 et 9\u00b0C. On notera la pr\u00e9sence persistante de nuages le matin. Du mauvais temps est \u00e0 pr\u00e9voir. Des pluies \u00e9parses vont tomber. Les temp\u00e9ratures seront comprises entre 6 et 7\u00b0C. Un vent de sud-est rafra\u00eechira un peu l&rsquo;atmosph\u00e8re. L&rsquo;apr\u00e8s-midi va rester couvert \u00e0 cause de nuages qui se maintiennent dans le ciel. Les valeurs seront de 8\u00b0C au plus bas et de 9\u00b0C au plus haut. Toujours de la grisaille demain soir. Les nuages vont s&rsquo;attarder. Des pluies \u00e9parses tomberont. Une petite brise de sud-est soufflera.<\/p>\n<p>Des conditions m\u00e9t\u00e9orologiques instables sont attendues les jours qui suivent. Vendredi, la m\u00e9t\u00e9o sera nuageuse tandis qu&rsquo;une d\u00e9gradation est pr\u00e9vue samedi.<\/p>\n<p><\/p>\n","protected":false},"excerpt":{"rendered":"C&rsquo;est un soleil radieux qui va se montrer aujourd&rsquo;hui sur Bordeaux. Le thermom\u00e8tre affichera 7\u00b0C en moyenne. Un&hellip;\n","protected":false},"author":2,"featured_media":558832,"comment_status":"","ping_status":"","sticky":false,"template":"","format":"standard","meta":{"footnotes":""},"categories":[2817],"tags":[1111,11,1997,1777,674,1011,27,12,2219,2119,25],"class_list":{"0":"post-558831","1":"post","2":"type-post","3":"status-publish","4":"format-standard","5":"has-post-thumbnail","7":"category-bordeaux","8":"tag-actu","9":"tag-actualites","10":"tag-bordeaux","11":"tag-eu","12":"tag-europe","13":"tag-fr","14":"tag-france","15":"tag-news","16":"tag-nouvelle-aquitaine","17":"tag-previsions-meteo","18":"tag-republique-francaise"},"share_on_mastodon":{"url":"https:\/\/pubeurope.com\/@fr\/115613309587149854","error":""},"_links":{"self":[{"href":"https:\/\/www.europesays.com\/fr\/wp-json\/wp\/v2\/posts\/558831","targetHints":{"allow":["GET"]}}],"collection":[{"href":"https:\/\/www.europesays.com\/fr\/wp-json\/wp\/v2\/posts"}],"about":[{"href":"https:\/\/www.europesays.com\/fr\/wp-json\/wp\/v2\/types\/post"}],"author":[{"embeddable":true,"href":"https:\/\/www.europesays.com\/fr\/wp-json\/wp\/v2\/users\/2"}],"replies":[{"embeddable":true,"href":"https:\/\/www.europesays.com\/fr\/wp-json\/wp\/v2\/comments?post=558831"}],"version-history":[{"count":0,"href":"https:\/\/www.europesays.com\/fr\/wp-json\/wp\/v2\/posts\/558831\/revisions"}],"wp:featuredmedia":[{"embeddable":true,"href":"https:\/\/www.europesays.com\/fr\/wp-json\/wp\/v2\/media\/558832"}],"wp:attachment":[{"href":"https:\/\/www.europesays.com\/fr\/wp-json\/wp\/v2\/media?parent=558831"}],"wp:term":[{"taxonomy":"category","embeddable":true,"href":"https:\/\/www.europesays.com\/fr\/wp-json\/wp\/v2\/categories?post=558831"},{"taxonomy":"post_tag","embeddable":true,"href":"https:\/\/www.europesays.com\/fr\/wp-json\/wp\/v2\/tags?post=558831"}],"curies":[{"name":"wp","href":"https:\/\/api.w.org\/{rel}","templated":true}]}}