{"id":558833,"date":"2025-11-26T01:04:17","date_gmt":"2025-11-26T01:04:17","guid":{"rendered":"https:\/\/www.europesays.com\/fr\/558833\/"},"modified":"2025-11-26T01:04:17","modified_gmt":"2025-11-26T01:04:17","slug":"marche-de-noel-au-profit-de-la-recherche-contre-le-cancer-haute-garonne-toulouse","status":"publish","type":"post","link":"https:\/\/www.europesays.com\/fr\/558833\/","title":{"rendered":"March\u00e9 de No\u00ebl au profit de la recherche contre le cancer &#8211; Haute Garonne &#8211; Toulouse"},"content":{"rendered":"<p><strong>Ne manquez pas le march\u00e9 de No\u00ebl du 28 au 30 novembre dans la maison de quartier Lalande (239 Avenue de Fronton) dont une partie des b\u00e9n\u00e9fices seront revers\u00e9s \u00e0 la recherche m\u00e9dicale contre le cancer.<\/strong><\/p>\n<p>No\u00ebl approche \u00e0 grand pas\u2026 Venez d\u00e9nicher le cadeau id\u00e9al qui fera plaisir \u00e0 vos proches ! Une quarantaine d\u2019artisans et de cr\u00e9ateurs seront pr\u00e9sents afin de vous faire d\u00e9couvrir leurs univers :<br \/>\u2013 March\u00e9 cr\u00e9atif :bijoux, bougies, parfums, savons, pierres naturelles, objets de d\u00e9coration, accessoires personnalis\u00e9s pour petits et grands et pour les animaux, pr\u00eat-\u00e0-porter, livres, photographies animali\u00e8res, peintures, produits cosm\u00e9tiques et di\u00e9t\u00e9tiques, papeterie artisanale, objets et jeux en bois\u2026<\/p>\n<p>\u2013 March\u00e9 gourmand : miel, cookies, macarons, madeleines sucr\u00e9es et sal\u00e9es, cr\u00eapes, bonbons, biscuiterie bretonne et normande, confiserie de No\u00ebl, marrons chauds, vin chaud, th\u00e9s et infusions, jus de pommes, corbeille de fruits, plantes m\u00e9dicinales et aromatiques, armagnac, confitures et cr\u00e8me de marrons\u2026 Sur place, pr\u00e9sence d\u2019un foodtruck qui vous proposera de la restauration chaude. Il y aura des exposants diff\u00e9rents sur les 3 jours ! L\u2019association Val\u00e9rie 54 pour vaincre le cancer tiendra un stand avec des cr\u00e9ations de No\u00ebl et les b\u00e9n\u00e9fices seront revers\u00e9s \u00e0 la recherche m\u00e9dicale contre le cancer \u00e0 l\u2019Institut Gustave Roussy et \u00e0 l\u2019Oncopole de Toulouse.<\/p>\n<p>Vendredi 28 novembre : 16h \u00e0 21h et samedi 29 novembre : 10h \u00e0 21h. Dimanche 30 novembre : 10h \u00e0 18h. Entr\u00e9e gratuite.<\/p>\n<p>Au programme : pr\u00e9sence du p\u00e8re no\u00ebl le vendredi et diff\u00e9rentes animations toutes gratuites sur l\u2019int\u00e9gralit\u00e9 du week-end : th\u00e9\u00e2tre d\u2019improvisation, d\u00e9monstration de capoeira, du kung-fu, des percussions africaines\u2026 Et bien d\u2019autres surprises \u00e0 d\u00e9couvrir sur place. Un moment id\u00e9al pour pr\u00e9parer vos f\u00eates et vivre un moment festif plac\u00e9 sous le signe de la convivialit\u00e9 !<\/p>\n<p class=\"signature\" itemscope=\"\" itemprop=\"Author\" itemtype=\"http:\/\/schema.org\/Person\">\n                VLoz\n            <\/p>\n","protected":false},"excerpt":{"rendered":"Ne manquez pas le march\u00e9 de No\u00ebl du 28 au 30 novembre dans la maison de quartier Lalande&hellip;\n","protected":false},"author":2,"featured_media":395922,"comment_status":"","ping_status":"","sticky":false,"template":"","format":"standard","meta":{"footnotes":""},"categories":[2816],"tags":[1111,11,1777,674,1011,27,23720,12,2680,25,2312],"class_list":{"0":"post-558833","1":"post","2":"type-post","3":"status-publish","4":"format-standard","5":"has-post-thumbnail","7":"category-toulouse","8":"tag-actu","9":"tag-actualites","10":"tag-eu","11":"tag-europe","12":"tag-fr","13":"tag-france","14":"tag-internet-seulement","15":"tag-news","16":"tag-occitanie","17":"tag-republique-francaise","18":"tag-toulouse"},"share_on_mastodon":{"url":"https:\/\/pubeurope.com\/@fr\/115613313511534413","error":""},"_links":{"self":[{"href":"https:\/\/www.europesays.com\/fr\/wp-json\/wp\/v2\/posts\/558833","targetHints":{"allow":["GET"]}}],"collection":[{"href":"https:\/\/www.europesays.com\/fr\/wp-json\/wp\/v2\/posts"}],"about":[{"href":"https:\/\/www.europesays.com\/fr\/wp-json\/wp\/v2\/types\/post"}],"author":[{"embeddable":true,"href":"https:\/\/www.europesays.com\/fr\/wp-json\/wp\/v2\/users\/2"}],"replies":[{"embeddable":true,"href":"https:\/\/www.europesays.com\/fr\/wp-json\/wp\/v2\/comments?post=558833"}],"version-history":[{"count":0,"href":"https:\/\/www.europesays.com\/fr\/wp-json\/wp\/v2\/posts\/558833\/revisions"}],"wp:featuredmedia":[{"embeddable":true,"href":"https:\/\/www.europesays.com\/fr\/wp-json\/wp\/v2\/media\/395922"}],"wp:attachment":[{"href":"https:\/\/www.europesays.com\/fr\/wp-json\/wp\/v2\/media?parent=558833"}],"wp:term":[{"taxonomy":"category","embeddable":true,"href":"https:\/\/www.europesays.com\/fr\/wp-json\/wp\/v2\/categories?post=558833"},{"taxonomy":"post_tag","embeddable":true,"href":"https:\/\/www.europesays.com\/fr\/wp-json\/wp\/v2\/tags?post=558833"}],"curies":[{"name":"wp","href":"https:\/\/api.w.org\/{rel}","templated":true}]}}