{"id":558836,"date":"2025-11-26T01:07:16","date_gmt":"2025-11-26T01:07:16","guid":{"rendered":"https:\/\/www.europesays.com\/fr\/558836\/"},"modified":"2025-11-26T01:07:16","modified_gmt":"2025-11-26T01:07:16","slug":"previsions-du-mercredi-26-novembre-2025-7","status":"publish","type":"post","link":"https:\/\/www.europesays.com\/fr\/558836\/","title":{"rendered":"pr\u00e9visions du mercredi 26 novembre 2025"},"content":{"rendered":"<p>La ville de Lille profitera de quelques \u00e9claircies aujourd&rsquo;hui. Les temp\u00e9ratures seront de 5\u00b0C. Les Lillois vont avoir froid le matin : les temp\u00e9ratures ne vont pas d\u00e9passer 6\u00b0C. Il va faire 5\u00b0C en moyenne. Une modeste brise de nord-est sera ressentie par les habitants. Les Lillois vont avoir froid l&rsquo;apr\u00e8s-midi : les temp\u00e9ratures ne vont pas d\u00e9passer 7\u00b0C. Les valeurs seront de 5\u00b0C au plus bas et de 7\u00b0C au maximum. Les Lillois vont avoir froid le soir : les temp\u00e9ratures ne vont pas d\u00e9passer 5\u00b0C. On anticipe des temp\u00e9ratures avoisinant 5\u00b0C. Le passage de mercredi \u00e0 jeudi s&rsquo;effectuera sous un ciel d\u00e9pourvu de nuages.<\/p>\n<p>C&rsquo;est \u00e0 un ciel couvert de petits nuages qu&rsquo;il faudra s&rsquo;attendre demain \u00e0 Lille. Une baisse du mercure est \u00e0 craindre. Il fera en moyenne 4\u00b0C. Un vent de sud rafra\u00eechira sensiblement l&rsquo;atmosph\u00e8re. En revanche, le soleil appara\u00eet l\u00e9g\u00e8rement le matin. Ces \u00e9claircies devraient faire plaisir aux habitants. Le thermom\u00e8tre affichera 4\u00b0C en moyenne. Le ciel va peu \u00e0 peu s&rsquo;obscurcir au cours de l&rsquo;apr\u00e8s-midi avec l&rsquo;apparition de l\u00e9gers nuages. Les valeurs seront de 6\u00b0C. La grisaille ne se disperse toujours pas, il y aura encore de l\u00e9gers nuages demain soir.<\/p>\n<p>Les conditions m\u00e9t\u00e9orologiques des jours qui suivent vont changer progressivement. Apr\u00e8s un temps stable vendredi, la situation changera samedi.<\/p>\n<p><\/p>\n","protected":false},"excerpt":{"rendered":"La ville de Lille profitera de quelques \u00e9claircies aujourd&rsquo;hui. Les temp\u00e9ratures seront de 5\u00b0C. Les Lillois vont avoir&hellip;\n","protected":false},"author":2,"featured_media":558837,"comment_status":"","ping_status":"","sticky":false,"template":"","format":"standard","meta":{"footnotes":""},"categories":[2815],"tags":[1111,11,1777,674,1011,27,811,1307,12,2119,25],"class_list":{"0":"post-558836","1":"post","2":"type-post","3":"status-publish","4":"format-standard","5":"has-post-thumbnail","7":"category-lille","8":"tag-actu","9":"tag-actualites","10":"tag-eu","11":"tag-europe","12":"tag-fr","13":"tag-france","14":"tag-hauts-de-france","15":"tag-lille","16":"tag-news","17":"tag-previsions-meteo","18":"tag-republique-francaise"},"share_on_mastodon":{"url":"https:\/\/pubeurope.com\/@fr\/115613325282703486","error":""},"_links":{"self":[{"href":"https:\/\/www.europesays.com\/fr\/wp-json\/wp\/v2\/posts\/558836","targetHints":{"allow":["GET"]}}],"collection":[{"href":"https:\/\/www.europesays.com\/fr\/wp-json\/wp\/v2\/posts"}],"about":[{"href":"https:\/\/www.europesays.com\/fr\/wp-json\/wp\/v2\/types\/post"}],"author":[{"embeddable":true,"href":"https:\/\/www.europesays.com\/fr\/wp-json\/wp\/v2\/users\/2"}],"replies":[{"embeddable":true,"href":"https:\/\/www.europesays.com\/fr\/wp-json\/wp\/v2\/comments?post=558836"}],"version-history":[{"count":0,"href":"https:\/\/www.europesays.com\/fr\/wp-json\/wp\/v2\/posts\/558836\/revisions"}],"wp:featuredmedia":[{"embeddable":true,"href":"https:\/\/www.europesays.com\/fr\/wp-json\/wp\/v2\/media\/558837"}],"wp:attachment":[{"href":"https:\/\/www.europesays.com\/fr\/wp-json\/wp\/v2\/media?parent=558836"}],"wp:term":[{"taxonomy":"category","embeddable":true,"href":"https:\/\/www.europesays.com\/fr\/wp-json\/wp\/v2\/categories?post=558836"},{"taxonomy":"post_tag","embeddable":true,"href":"https:\/\/www.europesays.com\/fr\/wp-json\/wp\/v2\/tags?post=558836"}],"curies":[{"name":"wp","href":"https:\/\/api.w.org\/{rel}","templated":true}]}}