{"id":558842,"date":"2025-11-26T01:10:14","date_gmt":"2025-11-26T01:10:14","guid":{"rendered":"https:\/\/www.europesays.com\/fr\/558842\/"},"modified":"2025-11-26T01:10:14","modified_gmt":"2025-11-26T01:10:14","slug":"ces-femmes-se-forment-a-lautodefense","status":"publish","type":"post","link":"https:\/\/www.europesays.com\/fr\/558842\/","title":{"rendered":"ces femmes se forment \u00e0 l\u2019autod\u00e9fense"},"content":{"rendered":"<p>Flora tient fermement le poignet d\u2019une participante pendant que cette derni\u00e8re tente de se d\u00e9battre. Heureusement, il s\u2019agit d\u2019un exercice.<\/p>\n<p>Dans l\u2019intimit\u00e9 du centre socio-culturel du Point du Jour, quinze femmes de 18 \u00e0 76 ans ont particip\u00e9 \u00e0 un atelier d\u2019autod\u00e9fense, samedi 22\u00a0novembre. Il a d\u00e9but\u00e9 par un temps d\u2019\u00e9changes o\u00f9 chacune pouvait se confier, puis il s\u2019est poursuivi par un apprentissage des tactiques pour r\u00e9agir en situation d\u2019agression.<\/p>\n<p>\u00ab\u00a0Sid\u00e9r\u00e9e&#8230;                        <\/p>\n","protected":false},"excerpt":{"rendered":"Flora tient fermement le poignet d\u2019une participante pendant que cette derni\u00e8re tente de se d\u00e9battre. Heureusement, il s\u2019agit&hellip;\n","protected":false},"author":2,"featured_media":558843,"comment_status":"","ping_status":"","sticky":false,"template":"","format":"standard","meta":{"footnotes":""},"categories":[1889],"tags":[1111,11,2430,2757,1777,674,6757,1011,27,2428,15658,15657,12,25,104],"class_list":{"0":"post-558842","1":"post","2":"type-post","3":"status-publish","4":"format-standard","5":"has-post-thumbnail","7":"category-lyon","8":"tag-actu","9":"tag-actualites","10":"tag-auvergne-rhone-alpes","11":"tag-edition-lyon-villeurbanne","12":"tag-eu","13":"tag-europe","14":"tag-feminisme","15":"tag-fr","16":"tag-france","17":"tag-lyon","18":"tag-lyon-5e","19":"tag-lyon-5e-arrondissement","20":"tag-news","21":"tag-republique-francaise","22":"tag-societe"},"share_on_mastodon":{"url":"https:\/\/pubeurope.com\/@fr\/115613337178941916","error":""},"_links":{"self":[{"href":"https:\/\/www.europesays.com\/fr\/wp-json\/wp\/v2\/posts\/558842","targetHints":{"allow":["GET"]}}],"collection":[{"href":"https:\/\/www.europesays.com\/fr\/wp-json\/wp\/v2\/posts"}],"about":[{"href":"https:\/\/www.europesays.com\/fr\/wp-json\/wp\/v2\/types\/post"}],"author":[{"embeddable":true,"href":"https:\/\/www.europesays.com\/fr\/wp-json\/wp\/v2\/users\/2"}],"replies":[{"embeddable":true,"href":"https:\/\/www.europesays.com\/fr\/wp-json\/wp\/v2\/comments?post=558842"}],"version-history":[{"count":0,"href":"https:\/\/www.europesays.com\/fr\/wp-json\/wp\/v2\/posts\/558842\/revisions"}],"wp:featuredmedia":[{"embeddable":true,"href":"https:\/\/www.europesays.com\/fr\/wp-json\/wp\/v2\/media\/558843"}],"wp:attachment":[{"href":"https:\/\/www.europesays.com\/fr\/wp-json\/wp\/v2\/media?parent=558842"}],"wp:term":[{"taxonomy":"category","embeddable":true,"href":"https:\/\/www.europesays.com\/fr\/wp-json\/wp\/v2\/categories?post=558842"},{"taxonomy":"post_tag","embeddable":true,"href":"https:\/\/www.europesays.com\/fr\/wp-json\/wp\/v2\/tags?post=558842"}],"curies":[{"name":"wp","href":"https:\/\/api.w.org\/{rel}","templated":true}]}}