{"id":558848,"date":"2025-11-26T01:14:17","date_gmt":"2025-11-26T01:14:17","guid":{"rendered":"https:\/\/www.europesays.com\/fr\/558848\/"},"modified":"2025-11-26T01:14:17","modified_gmt":"2025-11-26T01:14:17","slug":"sebastien-lecornu-demande-au-ministre-de-leconomie-et-de-lenergie-de-travailler-a-des-scenarios-de-baisse-du-prix-de-lelectricite","status":"publish","type":"post","link":"https:\/\/www.europesays.com\/fr\/558848\/","title":{"rendered":"S\u00e9bastien Lecornu demande au ministre de l&rsquo;Economie et de l&rsquo;Energie de travailler \u00e0 des sc\u00e9narios de baisse du prix de l\u2019\u00e9lectricit\u00e9"},"content":{"rendered":"\n<p class=\"c-chapo \">\n  Cette d\u00e9marche s&rsquo;inscrit, selon l&rsquo;entourage du Premier ministre, \u00ab\u00a0dans l\u2019axe plus global de la strat\u00e9gie de la d\u00e9carbonation de l\u2019\u00e9nergie et de l\u2019\u00e9lectricit\u00e9\u00a0\u00bb.\n<\/p>\n<p>      lire plus tard<\/p>\n<p id=\"dialog__title\" class=\"dialog__title\">Pour sauvegarder cet article, connectez-vous ou cr\u00e9ez un compte franceinfo<\/p>\n<p class=\"dialog__description\">Sans paiement. Sans abonnement.<\/p>\n<p>        Fermer la fen\u00eatre d\u2019activation des notifications France Info<\/p>\n<p>      cr\u00e9er votre compte<\/p>\n<p>      se connecter<\/p>\n<p>        Fermer la fen\u00eatre de pr\u00e9sentation<\/p>\n<p>    <img loading=\"lazy\" decoding=\"async\" class=\"signature__image lazyload\" width=\"100\" height=\"100\" data- alt=\"\" src=\"https:\/\/www.europesays.com\/fr\/wp-content\/uploads\/2025\/06\/64a55fd777de4_placeholder-36b69ec8.png\"\/><\/p>\n<p>    Publi\u00e9 le 25\/11\/2025 22:09<\/p>\n<p>      Mis \u00e0 jour le 25\/11\/2025 22:19<\/p>\n<p>        Temps de lecture : 1min<\/p>\n<p>    <img decoding=\"async\"  alt=\"S\u00e9bastien Lecornu, \u00e0 l'Assembl\u00e9e nationale, \u00e0 Paris, le 25 novembre 2025. (THOMAS SAMSON \/ AFP)\" width=\"432\" height=\"243\" src=\"https:\/\/www.europesays.com\/fr\/wp-content\/uploads\/2025\/11\/000-86672ct-69261ac759c07939810039.jpg\" fetchpriority=\"high\"\/><\/p>\n<p>      S\u00e9bastien Lecornu, \u00e0 l&rsquo;Assembl\u00e9e nationale, \u00e0 Paris, le 25 novembre 2025. (THOMAS SAMSON \/ AFP)<\/p>\n<p>La facture va-t-elle s&rsquo;all\u00e9ger pour les Fran\u00e7ais ? <a href=\"https:\/\/www.franceinfo.fr\/economie\/budget\/il-veut-montrer-qu-il-gouverne-sebastien-lecornu-change-t-il-de-strategie-pour-tenter-de-faire-voter-le-budget-par-une-majorite-de-deputes_7636826.html\" target=\"_blank\" rel=\"noopener\">S\u00e9bastien Lecornu<\/a> a demand\u00e9 au ministre en charge de l\u2019\u00c9conomie et l\u2019\u00c9nergie de travailler \u00e0 des sc\u00e9narios de baisse du prix de l\u2019\u00e9lectricit\u00e9, a appris France T\u00e9l\u00e9visions aupr\u00e8s de l&rsquo;entourage du Premier ministre, mardi 25 novembre.\u00a0<\/p>\n<p>\u00ab\u00a0Plusieurs options sont sur la table pour \u00eatre pr\u00e9sent\u00e9es au Parlement, pour les m\u00e9nages et pour les entreprises, dans le cadre d\u2019un grand plan \u00e9cologique de d\u00e9carbonation de l\u2019\u00e9lectricit\u00e9 et de l\u2019\u00e9nergie\u00a0\u00bb, a expliqu\u00e9 cette source, pr\u00e9cisant que \u00ab\u00a0ce plan est un plan \u00e9cologique, de souverainet\u00e9, industriel, de pouvoir d\u2019achat, qui agira directement sur la facture d\u2019\u00e9lectricit\u00e9 des fran\u00e7ais\u00a0\u00bb.\u00a0<\/p>\n<p>\u00ab\u00a0Ces pistes de travail s\u2019int\u00e8grent dans l\u2019axe plus global de la strat\u00e9gie de la d\u00e9carbonation de l\u2019\u00e9nergie et de l\u2019\u00e9lectricit\u00e9\u00a0\u00bb, conclut cette source.\u00a0<\/p>\n","protected":false},"excerpt":{"rendered":"Cette d\u00e9marche s&rsquo;inscrit, selon l&rsquo;entourage du Premier ministre, \u00ab\u00a0dans l\u2019axe plus global de la strat\u00e9gie de la d\u00e9carbonation&hellip;\n","protected":false},"author":2,"featured_media":558849,"comment_status":"","ping_status":"","sticky":false,"template":"","format":"standard","meta":{"footnotes":""},"categories":[1888],"tags":[1111,1928,11,1927,1777,674,1011,27,12,1926,626,1925,25],"class_list":{"0":"post-558848","1":"post","2":"type-post","3":"status-publish","4":"format-standard","5":"has-post-thumbnail","7":"category-paris","8":"tag-actu","9":"tag-actu-paris","10":"tag-actualites","11":"tag-actualites-paris","12":"tag-eu","13":"tag-europe","14":"tag-fr","15":"tag-france","16":"tag-news","17":"tag-news-paris","18":"tag-paris","19":"tag-paris-news","20":"tag-republique-francaise"},"share_on_mastodon":{"url":"https:\/\/pubeurope.com\/@fr\/115613353864403563","error":""},"_links":{"self":[{"href":"https:\/\/www.europesays.com\/fr\/wp-json\/wp\/v2\/posts\/558848","targetHints":{"allow":["GET"]}}],"collection":[{"href":"https:\/\/www.europesays.com\/fr\/wp-json\/wp\/v2\/posts"}],"about":[{"href":"https:\/\/www.europesays.com\/fr\/wp-json\/wp\/v2\/types\/post"}],"author":[{"embeddable":true,"href":"https:\/\/www.europesays.com\/fr\/wp-json\/wp\/v2\/users\/2"}],"replies":[{"embeddable":true,"href":"https:\/\/www.europesays.com\/fr\/wp-json\/wp\/v2\/comments?post=558848"}],"version-history":[{"count":0,"href":"https:\/\/www.europesays.com\/fr\/wp-json\/wp\/v2\/posts\/558848\/revisions"}],"wp:featuredmedia":[{"embeddable":true,"href":"https:\/\/www.europesays.com\/fr\/wp-json\/wp\/v2\/media\/558849"}],"wp:attachment":[{"href":"https:\/\/www.europesays.com\/fr\/wp-json\/wp\/v2\/media?parent=558848"}],"wp:term":[{"taxonomy":"category","embeddable":true,"href":"https:\/\/www.europesays.com\/fr\/wp-json\/wp\/v2\/categories?post=558848"},{"taxonomy":"post_tag","embeddable":true,"href":"https:\/\/www.europesays.com\/fr\/wp-json\/wp\/v2\/tags?post=558848"}],"curies":[{"name":"wp","href":"https:\/\/api.w.org\/{rel}","templated":true}]}}