{"id":558850,"date":"2025-11-26T01:15:34","date_gmt":"2025-11-26T01:15:34","guid":{"rendered":"https:\/\/www.europesays.com\/fr\/558850\/"},"modified":"2025-11-26T01:15:34","modified_gmt":"2025-11-26T01:15:34","slug":"paris-perd-dun-point-a-dubai","status":"publish","type":"post","link":"https:\/\/www.europesays.com\/fr\/558850\/","title":{"rendered":"Paris perd d\u2019un point \u00e0 Duba\u00ef"},"content":{"rendered":"<p><strong><strong>Au bout d\u2019un money time br\u00fblant, le Paris Basketball s\u2019incline pour ce duel du Top 10 \u00e0 Duba\u00ef\u00a0(90-89) lors de cette 13e journ\u00e9e d\u2019EuroLeague.<\/strong><\/strong><\/p>\n<p>Apr\u00e8s Jared Rhoden vendredi dernier, <a href=\"https:\/\/parisbasketball.com\/player\/lamar-stevens\/\" data-type=\"link\" data-id=\"https:\/\/parisbasketball.com\/player\/lamar-stevens\/\" target=\"_blank\" rel=\"noopener\">Lamar Stevens<\/a> a disput\u00e9 ses premi\u00e8res minutes avec le Paris Basketball ce mardi soir \u00e0 Duba\u00ef. Des d\u00e9buts relev\u00e9s contre un s\u00e9rieux pr\u00e9tendant au Top 10 d\u2019EuroLeague.<\/p>\n<p>Dans la lign\u00e9e de ses derniers matchs, Paris prend le large d\u2019entr\u00e9e de jeu gr\u00e2ce \u00e0 4 shoots \u00e0 3 points coup sur coup durant les 3 premi\u00e8res minutes.\u00a0\u00c0 cette excellente adresse, nos Parisiens ajoutent des stops d\u00e9fensifs et poussent Duba\u00ef \u00e0 la faute (6 pertes de balles dans le 1QT).<\/p>\n<p>Mais d\u2019un +15 au d\u00e9but du 2QT (17-32), le Paris Basketball entame la seconde p\u00e9riode \u00e0 -1 (46-45). Nos joueurs profitent toutefois du 16% (3QT) des locaux pour prendre l\u2019avantage. Emmen\u00e9s\u00a0dans un big money time, les teammates d\u2019un <a href=\"https:\/\/parisbasketball.com\/player\/derek-willis\/\" data-type=\"link\" data-id=\"https:\/\/parisbasketball.com\/player\/derek-willis\/\" target=\"_blank\" rel=\"noopener\">Derek Willis<\/a> \u00e0 22 points s\u2019accrochent avant que McKinley Wright parach\u00e8ve la victoire de Duba\u00ef\u00a0(90-89).<\/p>\n<p><img loading=\"lazy\" decoding=\"async\" width=\"1707\" height=\"2560\" src=\"https:\/\/www.europesays.com\/fr\/wp-content\/uploads\/2025\/11\/PBB-DUBAI-QUENTIN-LAB-125112025-19-scaled.jpg\" alt=\"\" class=\"wp-image-50918 size-full\" style=\"object-position:51% 44%\"  \/><\/p>\n<p>D\u2019ici quelques jours, nos Parisiens retrouveront l\u2019adidas arena face\u00a0\u00e0 Saint-Quentin le dimanche 7 d\u00e9cembre. Prenez vos places d\u00e8s maintenant en cliquant sur <a href=\"https:\/\/www.ticketmaster.fr\/fr\/manifestation\/paris-basketball-vs-st-quentin-billet\/idmanif\/638541\/idtier\/38817285\" target=\"_blank\" rel=\"noreferrer noopener\">ce lien<\/a>.<\/p>\n<blockquote class=\"instagram-media\" data-instgrm-captioned=\"\" data-instgrm-permalink=\"https:\/\/www.instagram.com\/p\/DRfUbXwk541\/?utm_source=ig_embed&amp;utm_campaign=loading\" data-instgrm-version=\"14\" style=\" background:#FFF; border:0; border-radius:3px; box-shadow:0 0 1px 0 rgba(0,0,0,0.5),0 1px 10px 0 rgba(0,0,0,0.15); margin: 1px; max-width:540px; min-width:326px; padding:0; width:99.375%; width:-webkit-calc(100% - 2px); width:calc(100% - 2px);\"\/><p>  <script async src=\"\/\/www.instagram.com\/embed.js\"><\/script><\/p>\n","protected":false},"excerpt":{"rendered":"Au bout d\u2019un money time br\u00fblant, le Paris Basketball s\u2019incline pour ce duel du Top 10 \u00e0 Duba\u00ef\u00a0(90-89)&hellip;\n","protected":false},"author":2,"featured_media":558851,"comment_status":"","ping_status":"","sticky":false,"template":"","format":"standard","meta":{"footnotes":""},"categories":[1888],"tags":[1111,1928,11,1927,1777,674,1011,27,12,1926,626,1925,25],"class_list":{"0":"post-558850","1":"post","2":"type-post","3":"status-publish","4":"format-standard","5":"has-post-thumbnail","7":"category-paris","8":"tag-actu","9":"tag-actu-paris","10":"tag-actualites","11":"tag-actualites-paris","12":"tag-eu","13":"tag-europe","14":"tag-fr","15":"tag-france","16":"tag-news","17":"tag-news-paris","18":"tag-paris","19":"tag-paris-news","20":"tag-republique-francaise"},"share_on_mastodon":{"url":"https:\/\/pubeurope.com\/@fr\/115613356900502728","error":""},"_links":{"self":[{"href":"https:\/\/www.europesays.com\/fr\/wp-json\/wp\/v2\/posts\/558850","targetHints":{"allow":["GET"]}}],"collection":[{"href":"https:\/\/www.europesays.com\/fr\/wp-json\/wp\/v2\/posts"}],"about":[{"href":"https:\/\/www.europesays.com\/fr\/wp-json\/wp\/v2\/types\/post"}],"author":[{"embeddable":true,"href":"https:\/\/www.europesays.com\/fr\/wp-json\/wp\/v2\/users\/2"}],"replies":[{"embeddable":true,"href":"https:\/\/www.europesays.com\/fr\/wp-json\/wp\/v2\/comments?post=558850"}],"version-history":[{"count":0,"href":"https:\/\/www.europesays.com\/fr\/wp-json\/wp\/v2\/posts\/558850\/revisions"}],"wp:featuredmedia":[{"embeddable":true,"href":"https:\/\/www.europesays.com\/fr\/wp-json\/wp\/v2\/media\/558851"}],"wp:attachment":[{"href":"https:\/\/www.europesays.com\/fr\/wp-json\/wp\/v2\/media?parent=558850"}],"wp:term":[{"taxonomy":"category","embeddable":true,"href":"https:\/\/www.europesays.com\/fr\/wp-json\/wp\/v2\/categories?post=558850"},{"taxonomy":"post_tag","embeddable":true,"href":"https:\/\/www.europesays.com\/fr\/wp-json\/wp\/v2\/tags?post=558850"}],"curies":[{"name":"wp","href":"https:\/\/api.w.org\/{rel}","templated":true}]}}