{"id":558858,"date":"2025-11-26T01:19:17","date_gmt":"2025-11-26T01:19:17","guid":{"rendered":"https:\/\/www.europesays.com\/fr\/558858\/"},"modified":"2025-11-26T01:19:17","modified_gmt":"2025-11-26T01:19:17","slug":"macron-evoque-une-opportunite-de-progres-pour-la-paix-en-ukraine","status":"publish","type":"post","link":"https:\/\/www.europesays.com\/fr\/558858\/","title":{"rendered":"Macron \u00e9voque une opportunit\u00e9 de progr\u00e8s pour la paix en Ukraine"},"content":{"rendered":"<p>AA \/ Istanbul \/ Ben Amed Azize Zougmore<\/p>\n<p>Le pr\u00e9sident fran\u00e7ais Emmanuel Macron a d\u00e9clar\u00e9 ce mardi qu\u2019il existait \u00ab enfin une chance de r\u00e9aliser de vrais progr\u00e8s vers une bonne paix \u00bb entre l\u2019Ukraine et la Russie, lors de l\u2019ouverture d\u2019une visioconf\u00e9rence organis\u00e9e par la \u00ab Coalition des volontaires \u00bb soutenant Kiev.<br \/>Le chef de l&rsquo;\u00c9tat fran\u00e7ais a toutefois insist\u00e9 sur le caract\u00e8re indispensable de garanties de s\u00e9curit\u00e9 concr\u00e8tes : \u00ab Une bonne paix n\u00e9cessite des garanties tr\u00e8s robustes, pas seulement sur le papier \u00bb, a-t-il averti, soulignant que toute n\u00e9gociation devait s\u2019accompagner de mesures tangibles pour prot\u00e9ger l\u2019Ukraine.<\/p>\n<p>Ont pris part \u00e0 la visioconf\u00e9rence le pr\u00e9sident ukrainien qui a rendu compte des dernieres heures marqu\u00e9es de frappes contre des \u201cinfrastructures civiles et contre des civils ukrainiens\u201d et celle du Secretaire d\u2019Etat am\u00e9ricain Marco Rubio qui a apport\u00e9 le point de vue et le soutien des \u00c9tats-Unis dans ce processus.<\/p>\n<p>\u00c0 l\u2019issue de la visioconf\u00e9rence, Emmanuel Macron \u00e9voque deux points importants face \u00e0 une Russie dont la volont\u00e9 de mettre fin \u00e0 la guerre s\u2019int\u00e9rroge, pour lui. D&rsquo;abord l&rsquo;utilisation des actifs russes gel\u00e9s en Europe pour garantir un pr\u00eat accord\u00e9 \u00e0 Kiev. Le sujet fait encore d\u00e9bat au sein de l&rsquo;UE. Il s&rsquo;interroge \u00e9galement sur \u00ab\u00a0les garanties de s\u00e9curit\u00e9\u00a0\u00bb offertes \u00e0 l&rsquo;Ukraine. Il annonce la mise en place \u00ab\u00a0d&rsquo;un groupe de travail\u00a0\u00bb sur ce sujet, copilot\u00e9 avec le Royaume-Uni et qui impliquera \u00ab\u00a0pour la premi\u00e8re fois\u00a0\u00bb les \u00c9tats-Unis. Macron annonce aussi\u00a0 que La T\u00fcrkiye qui joue un r\u00f4le cl\u00e9 sur le plan maritime, sera \u00e9troitement associ\u00e9e dans le cadre de ce groupe et plaide pour une arm\u00e9e ukrainienne \u00ab\u00a0forte\u00a0\u00bb et \u00ab\u00a0sans limitations\u00a0\u00bb.\u00a0<\/p>\n<p>La r\u00e9union virtuelle par ailleurs r\u00e9uni des responsables politiques, des acteurs de la soci\u00e9t\u00e9 civile et des organisations de volontaires engag\u00e9s aupr\u00e8s de l\u2019Ukraine, dans un contexte o\u00f9 la recherche d\u2019un cessez-le-feu durable et de solutions diplomatiques reste une priorit\u00e9 internationale.<\/p>\n<p>Ces propos interviennent alors que la diplomatie s\u2019intensifie pour tenter de parvenir \u00e0 un r\u00e8glement n\u00e9goci\u00e9 du conflit, \u00e0 la suite de la publication r\u00e9cente d\u2019un plan am\u00e9ricain qui a fait l\u2019objet de discussions ces derniers jours.<br \/>Kiev a d\u00e9clar\u00e9 plus t\u00f4t ce mardi que sa d\u00e9l\u00e9gation et celle des \u00c9tats-Unis \u00e9taient parvenues \u00e0 une \u00ab compr\u00e9hension commune \u00bb lors des pourparlers de Gen\u00e8ve sur les termes essentiels d&rsquo;un projet de plan am\u00e9ricain visant \u00e0 faire avancer les efforts de paix en Ukraine.<\/p>\n<p>                            &#13;<br \/>\n                                <a href=\"https:\/\/www.aa.com.tr\/fr\/p\/abonnement\/1001\" target=\"_blank\" style=\"font-size:12px; color:#444; text-decoration:none;\" rel=\"noopener\">&#13;<br \/>\n                                    Seulement une partie des d\u00e9p\u00eaches, que l&rsquo;Agence Anadolu diffuse \u00e0 ses abonn\u00e9s via le Syst\u00e8me de Diffusion interne (HAS), est diffus\u00e9e sur le site de l&rsquo;AA, de mani\u00e8re r\u00e9sum\u00e9e. <b style=\"color:#1897F7\">Contactez-nous s&rsquo;il vous pla\u00eet pour vous abonner.<\/b>&#13;<br \/>\n                                <\/a>&#13;<\/p>\n","protected":false},"excerpt":{"rendered":"AA \/ Istanbul \/ Ben Amed Azize Zougmore Le pr\u00e9sident fran\u00e7ais Emmanuel Macron a d\u00e9clar\u00e9 ce mardi qu\u2019il&hellip;\n","protected":false},"author":2,"featured_media":558859,"comment_status":"","ping_status":"","sticky":false,"template":"","format":"standard","meta":{"footnotes":""},"categories":[1590],"tags":[11,1785,1073,1777,674,27,12,132,220],"class_list":{"0":"post-558858","1":"post","2":"type-post","3":"status-publish","4":"format-standard","5":"has-post-thumbnail","7":"category-ukraine","8":"tag-actualites","9":"tag-anadolu-ajansi","10":"tag-emmanuel-macron","11":"tag-eu","12":"tag-europe","13":"tag-france","14":"tag-news","15":"tag-russie","16":"tag-ukraine"},"share_on_mastodon":{"url":"https:\/\/pubeurope.com\/@fr\/115613372516119798","error":""},"_links":{"self":[{"href":"https:\/\/www.europesays.com\/fr\/wp-json\/wp\/v2\/posts\/558858","targetHints":{"allow":["GET"]}}],"collection":[{"href":"https:\/\/www.europesays.com\/fr\/wp-json\/wp\/v2\/posts"}],"about":[{"href":"https:\/\/www.europesays.com\/fr\/wp-json\/wp\/v2\/types\/post"}],"author":[{"embeddable":true,"href":"https:\/\/www.europesays.com\/fr\/wp-json\/wp\/v2\/users\/2"}],"replies":[{"embeddable":true,"href":"https:\/\/www.europesays.com\/fr\/wp-json\/wp\/v2\/comments?post=558858"}],"version-history":[{"count":0,"href":"https:\/\/www.europesays.com\/fr\/wp-json\/wp\/v2\/posts\/558858\/revisions"}],"wp:featuredmedia":[{"embeddable":true,"href":"https:\/\/www.europesays.com\/fr\/wp-json\/wp\/v2\/media\/558859"}],"wp:attachment":[{"href":"https:\/\/www.europesays.com\/fr\/wp-json\/wp\/v2\/media?parent=558858"}],"wp:term":[{"taxonomy":"category","embeddable":true,"href":"https:\/\/www.europesays.com\/fr\/wp-json\/wp\/v2\/categories?post=558858"},{"taxonomy":"post_tag","embeddable":true,"href":"https:\/\/www.europesays.com\/fr\/wp-json\/wp\/v2\/tags?post=558858"}],"curies":[{"name":"wp","href":"https:\/\/api.w.org\/{rel}","templated":true}]}}