{"id":558860,"date":"2025-11-26T01:20:35","date_gmt":"2025-11-26T01:20:35","guid":{"rendered":"https:\/\/www.europesays.com\/fr\/558860\/"},"modified":"2025-11-26T01:20:35","modified_gmt":"2025-11-26T01:20:35","slug":"usa-une-chanteuse-abattue-dans-une-voiture-stationnee-en-p","status":"publish","type":"post","link":"https:\/\/www.europesays.com\/fr\/558860\/","title":{"rendered":"USA : Une chanteuse abattue dans une voiture stationn\u00e9e en p&#8230;"},"content":{"rendered":"<p>Aux Etats-Unis, une jeune chanteuse de 22 ans a \u00e9t\u00e9 tu\u00e9e par balles samedi dernier \u00e0 Northridge, un quartier de Los Angeles. Maria De La Rosa, connue sous le nom de sc\u00e8ne DELAROSA se trouvait dans un v\u00e9hicule stationn\u00e9 quand l\u2019attaque a eu lieu. <\/p>\n<p>Des t\u00e9moins ont d\u00e9clar\u00e9 aux policiers que les suspects s\u2019\u00e9taient approch\u00e9s furtivement de la voiture avant d\u2019ouvrir le feu sur les occupants.<\/p>\n<p>Bless\u00e9e, DELAROSA a \u00e9t\u00e9 transport\u00e9e d&rsquo;urgence \u00e0 l\u2019h\u00f4pital, o\u00f9 son d\u00e9c\u00e8s a \u00e9t\u00e9 constat\u00e9. Les deux autres personnes pr\u00e9sentes dans la voiture sont dans un \u00e9tat critique. <\/p>\n<p>Une enqu\u00eate a \u00e9t\u00e9 ouverte pour faire la lumi\u00e8re sur cette fusillade et d\u00e9terminer le mobile. DELAROSA \u00e9tait connue pour sa chanson \u00ab\u00a0No Me Llames\u00a0\u00bb, sortie en ao\u00fbt dernier.<\/p>\n<p><b>Auteur:<\/b> Bernardin Patinvoh<br \/><b>Publi\u00e9 le:<\/b> Mardi 25 Novembre 2025\n\t\t\t\t\t\t\t<\/p>\n","protected":false},"excerpt":{"rendered":"Aux Etats-Unis, une jeune chanteuse de 22 ans a \u00e9t\u00e9 tu\u00e9e par balles samedi dernier \u00e0 Northridge, un&hellip;\n","protected":false},"author":2,"featured_media":558861,"comment_status":"","ping_status":"","sticky":false,"template":"","format":"standard","meta":{"footnotes":""},"categories":[1589],"tags":[11,67601,67603,73,1866,6116,67602,12,1864,1865,1863,308],"class_list":{"0":"post-558860","1":"post","2":"type-post","3":"status-publish","4":"format-standard","5":"has-post-thumbnail","7":"category-etats-unis","8":"tag-actualites","9":"tag-chanteuse-abattue","10":"tag-enquete-ouverte","11":"tag-etats-unis","12":"tag-etats-unis-damerique","13":"tag-los-angeles","14":"tag-maria-de-la-rosa","15":"tag-news","16":"tag-united-states","17":"tag-united-states-of-america","18":"tag-us","19":"tag-usa"},"share_on_mastodon":{"url":"https:\/\/pubeurope.com\/@fr\/115613376487798665","error":""},"_links":{"self":[{"href":"https:\/\/www.europesays.com\/fr\/wp-json\/wp\/v2\/posts\/558860","targetHints":{"allow":["GET"]}}],"collection":[{"href":"https:\/\/www.europesays.com\/fr\/wp-json\/wp\/v2\/posts"}],"about":[{"href":"https:\/\/www.europesays.com\/fr\/wp-json\/wp\/v2\/types\/post"}],"author":[{"embeddable":true,"href":"https:\/\/www.europesays.com\/fr\/wp-json\/wp\/v2\/users\/2"}],"replies":[{"embeddable":true,"href":"https:\/\/www.europesays.com\/fr\/wp-json\/wp\/v2\/comments?post=558860"}],"version-history":[{"count":0,"href":"https:\/\/www.europesays.com\/fr\/wp-json\/wp\/v2\/posts\/558860\/revisions"}],"wp:featuredmedia":[{"embeddable":true,"href":"https:\/\/www.europesays.com\/fr\/wp-json\/wp\/v2\/media\/558861"}],"wp:attachment":[{"href":"https:\/\/www.europesays.com\/fr\/wp-json\/wp\/v2\/media?parent=558860"}],"wp:term":[{"taxonomy":"category","embeddable":true,"href":"https:\/\/www.europesays.com\/fr\/wp-json\/wp\/v2\/categories?post=558860"},{"taxonomy":"post_tag","embeddable":true,"href":"https:\/\/www.europesays.com\/fr\/wp-json\/wp\/v2\/tags?post=558860"}],"curies":[{"name":"wp","href":"https:\/\/api.w.org\/{rel}","templated":true}]}}