{"id":558862,"date":"2025-11-26T01:21:17","date_gmt":"2025-11-26T01:21:17","guid":{"rendered":"https:\/\/www.europesays.com\/fr\/558862\/"},"modified":"2025-11-26T01:21:17","modified_gmt":"2025-11-26T01:21:17","slug":"suisse-pays-bas-royaume-uni-partout-en-europe-laudiovisuel-public-doit-se-serrer-la-ceinture","status":"publish","type":"post","link":"https:\/\/www.europesays.com\/fr\/558862\/","title":{"rendered":"Suisse, Pays-Bas, Royaume-Uni&#8230; Partout en Europe, l\u2019audiovisuel public doit se serrer la ceinture"},"content":{"rendered":"<p>\n    <strong>ANALYSE <\/strong>&#8211; La Soci\u00e9t\u00e9 suisse de radiodiffusion et t\u00e9l\u00e9vision va supprimer 900 postes d\u2019ici \u00e0\u00a02029. Dans plusieurs pays, les groupes publics se retrouvent sous forte pression budg\u00e9taire.<\/p>\n<p class=\"fig-paragraph\">France T\u00e9l\u00e9visions s\u2019appr\u00eate \u00e0 r\u00e9duire la voilure.\u00a0<a href=\"http:\/\/www.lefigaro.fr\/medias\/tresorerie-au-plus-bas-capitaux-propres-en-chute-libre-la-cour-des-comptes-alerte-sur-l-etat-critique-des-finances-de-france-televisions-20250923\" data-fig-type=\"NewsFlash\" data-gtm-custom-categorie=\"navigation\" data-gtm-custom-action=\"crossclick\" data-gtm-custom-label=\"Contextuel\" data-gtm-event=\"customEventSPE\" data-fig-domain=\"LEFIGARO\" target=\"_blank\" rel=\"noopener\">Critiqu\u00e9 par la Cour des comptes pour sa gestion financi\u00e8re<\/a>, et soumis en principe \u00e0 une coupe budg\u00e9taire d\u2019environ 65\u00a0millions d\u2019euros, le groupe a chiffr\u00e9 le montant des \u00e9conomies \u00e0 r\u00e9aliser \u00e0 environ 150\u00a0millions d\u2019euros, entre d\u00e9ficit \u00e0 r\u00e9sorber, march\u00e9 publicitaire en berne et baisse de la dotation budg\u00e9taire. Sa pr\u00e9sidente,\u00a0<a href=\"http:\/\/www.lefigaro.fr\/medias\/delphine-ernotte-devant-le-senat-cnews-est-une-chaine-d-opinion-nous-ne-faisons-pas-le-meme-metier-20251007\" data-fig-type=\"NewsFlash\" data-gtm-custom-categorie=\"navigation\" data-gtm-custom-action=\"crossclick\" data-gtm-custom-label=\"Contextuel\" data-gtm-event=\"customEventSPE\" data-fig-domain=\"LEFIGARO\" target=\"_blank\" rel=\"noopener\">Delphine Ernotte<\/a>, a d\u00e9j\u00e0 pr\u00e9venu qu\u2019en 2026, \u00ab\u00a0quoi qu\u2019il arrive\u00a0\u00bb, son objectif \u00ab\u00a0est d\u2019arriver \u00e0 z\u00e9ro d\u00e9ficit (\u2026) et pour cela, des choix difficiles s\u2019imposent \u00e0 nous\u00a0\u00bb avait-elle d\u00e9clar\u00e9 mi-novembre dans Les \u00c9chos. Toucher aux programmes, tailler dans les effectifs\u2026 Rien n\u2019est encore act\u00e9. Mais, a d\u2019ores et d\u00e9j\u00e0 pr\u00e9venu la dirigeante, \u00ab\u00a0vu l\u2019ampleur des \u00e9conomies \u00e0 r\u00e9aliser, il\u00a0ne peut y avoir aucun tabou\u00a0\u00bb. Alors que d\u00e9marre\u00a0une commission d\u2019enqu\u00eate \u00ab\u00a0sur la neutralit\u00e9, le fonctionnement et le financement de l\u2019audiovisuel public\u00a0\u00bb, cette question des ressources devrait \u00eatre au c\u0153ur des d\u00e9bats<\/p>\n<p class=\"fig-premium-paywall__infos\">\n        Cet article est r\u00e9serv\u00e9 aux abonn\u00e9s.        Il vous reste 84% \u00e0 d\u00e9couvrir.\n    <\/p>\n<p>                <img  data- alt=\"Le Figaro\" class=\"fig-img--complete fig-img\"\/><\/p>\n<p class=\"fig-premium-paywall__title\">Black Friday<\/p>\n<p class=\"fig-premium-paywall__subtitle\">-70% sur l&rsquo;abonnement num\u00e9rique<\/p>\n<p class=\"fig-premium-paywall__connect\">\n                D\u00e9j\u00e0 abonn\u00e9\u00a0?                <a class=\"fig-premium-paywall__connect-link\" href=\"https:\/\/connect.lefigaro.fr\/login?client=horizon_web&amp;type=main&amp;redirect_uri=https%3A%2F%2Fwww.lefigaro.fr%2Fmedias%2Fsuisse-pays-bas-royaume-uni-partout-en-europe-l-audiovisuel-public-doit-se-serrer-la-ceinture-20251125\" data-js-gtm=\"{&quot;customCategorie&quot;: &quot;conversion&quot;, &quot;customAction&quot;: &quot;before_Landing_Connexion_paywall_auto&quot;, &quot;customLabel&quot;: &quot;bGVmaWdhcm8uZnJfXzFmMGM5ZmM2LTgzMDUtNjczZS1iM2I1LTg1ZTViODhiYjRjMV9fQXJ0aWNsZQ==_Suisse, Pays-Bas, Royaume-Uni... Partout en Europe, l\u2019audiovisuel public doit se serrer la ceinture_1000&quot;, &quot;customIDSPE&quot;: &quot;bGVmaWdhcm8uZnJfXzFmMGM5ZmM2LTgzMDUtNjczZS1iM2I1LTg1ZTViODhiYjRjMV9fQXJ0aWNsZQ==&quot;, &quot;event&quot;: &quot;customEventSPE&quot;}\" target=\"_blank\" rel=\"noopener\"><br \/>\n                    Connectez-vous<br \/>\n                <\/a>\n            <\/p>\n","protected":false},"excerpt":{"rendered":"ANALYSE &#8211; La Soci\u00e9t\u00e9 suisse de radiodiffusion et t\u00e9l\u00e9vision va supprimer 900 postes d\u2019ici \u00e0\u00a02029. Dans plusieurs pays,&hellip;\n","protected":false},"author":2,"featured_media":558863,"comment_status":"","ping_status":"","sticky":false,"template":"","format":"standard","meta":{"footnotes":""},"categories":[1588],"tags":[11,6586,1777,674,12,473,1853,1851,1850,1852],"class_list":{"0":"post-558862","1":"post","2":"type-post","3":"status-publish","4":"format-standard","5":"has-post-thumbnail","7":"category-royaume-uni","8":"tag-actualites","9":"tag-audiovisuel-public","10":"tag-eu","11":"tag-europe","12":"tag-news","13":"tag-royaume-uni","14":"tag-royaume-uni-de-grande-bretagne-et-dirlande-du-nord","15":"tag-uk","16":"tag-united-kingdom","17":"tag-united-kingdom-of-great-britain-and-northern-ireland"},"share_on_mastodon":{"url":"https:\/\/pubeurope.com\/@fr\/115613380449256299","error":""},"_links":{"self":[{"href":"https:\/\/www.europesays.com\/fr\/wp-json\/wp\/v2\/posts\/558862","targetHints":{"allow":["GET"]}}],"collection":[{"href":"https:\/\/www.europesays.com\/fr\/wp-json\/wp\/v2\/posts"}],"about":[{"href":"https:\/\/www.europesays.com\/fr\/wp-json\/wp\/v2\/types\/post"}],"author":[{"embeddable":true,"href":"https:\/\/www.europesays.com\/fr\/wp-json\/wp\/v2\/users\/2"}],"replies":[{"embeddable":true,"href":"https:\/\/www.europesays.com\/fr\/wp-json\/wp\/v2\/comments?post=558862"}],"version-history":[{"count":0,"href":"https:\/\/www.europesays.com\/fr\/wp-json\/wp\/v2\/posts\/558862\/revisions"}],"wp:featuredmedia":[{"embeddable":true,"href":"https:\/\/www.europesays.com\/fr\/wp-json\/wp\/v2\/media\/558863"}],"wp:attachment":[{"href":"https:\/\/www.europesays.com\/fr\/wp-json\/wp\/v2\/media?parent=558862"}],"wp:term":[{"taxonomy":"category","embeddable":true,"href":"https:\/\/www.europesays.com\/fr\/wp-json\/wp\/v2\/categories?post=558862"},{"taxonomy":"post_tag","embeddable":true,"href":"https:\/\/www.europesays.com\/fr\/wp-json\/wp\/v2\/tags?post=558862"}],"curies":[{"name":"wp","href":"https:\/\/api.w.org\/{rel}","templated":true}]}}