{"id":558864,"date":"2025-11-26T01:22:21","date_gmt":"2025-11-26T01:22:21","guid":{"rendered":"https:\/\/www.europesays.com\/fr\/558864\/"},"modified":"2025-11-26T01:22:21","modified_gmt":"2025-11-26T01:22:21","slug":"allemagne-illumination-du-plus-grand-sapin-de-noel-naturel-du-monde","status":"publish","type":"post","link":"https:\/\/www.europesays.com\/fr\/558864\/","title":{"rendered":"Allemagne | Illumination du plus grand sapin de No\u00ebl naturel du monde"},"content":{"rendered":"<p>    <video id=\"video-6926564b1216a\" class=\"video-js vjs-default-skin vjs-fluid vjs-big-play-centered\" style=\"--poster-background-url: url(https:\/\/mobile-img.lpcdn.ca\/v2\/828x\/3080372b\/6fa46dc2f7243074a6c7a21a85d277c0.jpg)\" data-aspect-ratio=\"16:9\" width=\"654\" height=\"367\" data-video-is-landscape=\"true\" data-article-ids=\"[\" data-video-id=\"1c503737aeb049cdb866eb4842b4a629\" data-video-title=\"Illumination du plus grand sapin de No\u00ebl au monde\" data-video-should-skip-pub=\"false\" data-video-duration=\"62\" data-video-ad-keywords=\"video61-90\" data-video-position=\"1\" data-page-type=\"article\" data-page-view=\"desktop\" data-is-header=\"true\" data-video-encodings=\"{&quot;application\\\/x-mpegURL&quot;:{&quot;src&quot;:&quot;https:\\\/\\\/content.uplynk.com\\\/1c503737aeb049cdb866eb4842b4a629.m3u8?tc=1&amp;exp=1764120439&amp;rn=1763771127&amp;ct=a&amp;cid=1c503737aeb049cdb866eb4842b4a629&amp;rays=dcba&amp;sig=5e6ebe81ba23388433c5211d0c53eede7dc0713c07334a2cb888e0e9243e43d5&quot;,&quot;type&quot;:&quot;application\\\/x-mpegURL&quot;}}\" poster=\"https:\/\/mobile-img.lpcdn.ca\/v2\/828x\/3080372b\/6fa46dc2f7243074a6c7a21a85d277c0.jpg\" data-controls=\"true\" data-muted=\"false\" data-autoplay-setting=\"DEFAULT\" data-loop=\"false\" controls=\"\"><br \/>\n        D\u00e9sol\u00e9, votre navigateur ne supporte pas les vid\u00e9os.<br \/>\n    <\/video>\n<\/p>\n<p class=\"lead textModule textModule--type-lead \" style=\"\">La ville allemande de Dortmund a illumin\u00e9 lundi ce qu\u2019elle pr\u00e9sente comme le plus grand sapin de No\u00ebl du monde.<\/p>\n<p>                    Publi\u00e9 \u00e0<br \/>\n    8\u00a0h\u00a019<\/p>\n<p>    <a class=\"print\" href=\"https:\/\/www.lapresse.ca\/actualites\/insolite\/2025-11-25\/allemagne\/javascript:window.print();\" title=\"Imprimer la page\" target=\"_blank\" rel=\"noopener\"><\/p>\n<p>        <img loading=\"lazy\" decoding=\"async\" width=\"16\" height=\"18\" src=\"https:\/\/www.europesays.com\/fr\/wp-content\/uploads\/2025\/04\/share-icon.png\" alt=\"Partager\"\/><\/p>\n<p class=\"paragraph textModule textModule--type-paragraph \" style=\"\">Cette installation gigantesque est compos\u00e9e de 1200 \u00e9pic\u00e9as rouges pesant environ 40 tonnes au total. <\/p>\n<p class=\"paragraph textModule textModule--type-paragraph \" style=\"\">Avec ses quatre m\u00e8tres de haut, l\u2019ange qui tr\u00f4ne \u00e0 son sommet est plus grand que la plupart des sapins de No\u00ebl classiques, tandis que 138 000 ampoules LED assurent l\u2019illumination.<\/p>\n<p class=\"paragraph textModule textModule--type-paragraph \" style=\"\">L\u2019arbre est \u00e9rig\u00e9 chaque ann\u00e9e \u00e0 Dortmund depuis 1996 et constitue la pi\u00e8ce ma\u00eetresse du march\u00e9 de No\u00ebl.<\/p>\n<p class=\"paragraph textModule textModule--type-paragraph \" style=\"\">Plus de 300 kiosques entourent la structure qui offre un spectacle lumineux de deux minutes au d\u00e9but de chaque heure.<\/p>\n","protected":false},"excerpt":{"rendered":"D\u00e9sol\u00e9, votre navigateur ne supporte pas les vid\u00e9os. La ville allemande de Dortmund a illumin\u00e9 lundi ce qu\u2019elle&hellip;\n","protected":false},"author":2,"featured_media":558865,"comment_status":"","ping_status":"","sticky":false,"template":"","format":"standard","meta":{"footnotes":""},"categories":[1587],"tags":[11,672,1804,1805,1803,1777,674,1801,12,1802],"class_list":{"0":"post-558864","1":"post","2":"type-post","3":"status-publish","4":"format-standard","5":"has-post-thumbnail","7":"category-allemagne","8":"tag-actualites","9":"tag-allemagne","10":"tag-bundesrepublik-deutschland","11":"tag-de","12":"tag-deutschland","13":"tag-eu","14":"tag-europe","15":"tag-germany","16":"tag-news","17":"tag-republique-federale-dallemagne"},"share_on_mastodon":{"url":"https:\/\/pubeurope.com\/@fr\/115613385355790537","error":""},"_links":{"self":[{"href":"https:\/\/www.europesays.com\/fr\/wp-json\/wp\/v2\/posts\/558864","targetHints":{"allow":["GET"]}}],"collection":[{"href":"https:\/\/www.europesays.com\/fr\/wp-json\/wp\/v2\/posts"}],"about":[{"href":"https:\/\/www.europesays.com\/fr\/wp-json\/wp\/v2\/types\/post"}],"author":[{"embeddable":true,"href":"https:\/\/www.europesays.com\/fr\/wp-json\/wp\/v2\/users\/2"}],"replies":[{"embeddable":true,"href":"https:\/\/www.europesays.com\/fr\/wp-json\/wp\/v2\/comments?post=558864"}],"version-history":[{"count":0,"href":"https:\/\/www.europesays.com\/fr\/wp-json\/wp\/v2\/posts\/558864\/revisions"}],"wp:featuredmedia":[{"embeddable":true,"href":"https:\/\/www.europesays.com\/fr\/wp-json\/wp\/v2\/media\/558865"}],"wp:attachment":[{"href":"https:\/\/www.europesays.com\/fr\/wp-json\/wp\/v2\/media?parent=558864"}],"wp:term":[{"taxonomy":"category","embeddable":true,"href":"https:\/\/www.europesays.com\/fr\/wp-json\/wp\/v2\/categories?post=558864"},{"taxonomy":"post_tag","embeddable":true,"href":"https:\/\/www.europesays.com\/fr\/wp-json\/wp\/v2\/tags?post=558864"}],"curies":[{"name":"wp","href":"https:\/\/api.w.org\/{rel}","templated":true}]}}