{"id":558866,"date":"2025-11-26T01:23:34","date_gmt":"2025-11-26T01:23:34","guid":{"rendered":"https:\/\/www.europesays.com\/fr\/558866\/"},"modified":"2025-11-26T01:23:34","modified_gmt":"2025-11-26T01:23:34","slug":"quatre-bretons-selectionnes-pour-les-championnats-deurope-de-cross-country-au-portugal","status":"publish","type":"post","link":"https:\/\/www.europesays.com\/fr\/558866\/","title":{"rendered":"Quatre Bretons s\u00e9lectionn\u00e9s pour les championnats d\u2019Europe de cross-country au Portugal"},"content":{"rendered":"<p>Championnats d\u2019Europe de cross-country, le dimanche 14 d\u00e9cembre \u00e0 Lagoa (Portugal)<\/p>\n<p>La Bretagne sera bien repr\u00e9sent\u00e9e aux championnats d\u2019Europe de cross-country, organis\u00e9s le 14 d\u00e9cembre prochain \u00e0 Lagoa, au Portugal. Quatre athl\u00e8tes de la r\u00e9gion ont d\u00e9croch\u00e9 leur billet \u00e0 l\u2019issue des s\u00e9lections d\u2019Allonnes : Simon B\u00e9dard, Agathe Guillemot, Marie Loh\u00e9ac-Bouchard et Ma\u00ebl Gouyette.<\/p>\n<p>D\u00e9j\u00e0 habitu\u00e9 de l\u2019\u00e9quipe de France, <a href=\"https:\/\/www.letelegramme.fr\/sports\/running\/pas-envie-de-laisser-trop-de-plumes-avant-de-jouer-sa-qualification-pour-les-championnats-deurope-de-cross-simon-bedard-a-enchaine-deux-10-km-6930670.php\" target=\"_blank\" rel=\"noopener\">Simon B\u00e9dard<\/a> honorera une nouvelle s\u00e9lection en cross. Troisi\u00e8me Fran\u00e7ais lors du <a href=\"https:\/\/www.letelegramme.fr\/sports\/running\/cross-country\/trois-bretons-aux-championnats-deurope-de-cross-country-au-portugal-6934477.php\" target=\"_blank\" rel=\"noopener\">cross de s\u00e9lection \u00e0 Allonnes<\/a>, il s\u2019est logiquement ouvert les portes des Europe. Il fera \u00e9quipe avec Fabien Palcau (2e) et Luc Le Baron (4e). Le premier tricolore de la course, Yann Schrub, a choisi de d\u00e9cliner sa s\u00e9lection pour se concentrer sur les Mondiaux de cross.<\/p>\n<p>Le comit\u00e9 de s\u00e9lection a \u00e9galement d\u00e9cid\u00e9 d\u2019int\u00e9grer Valentin Bresc, cinqui\u00e8me, ainsi que Hugo Hay, fort de son exp\u00e9rience internationale et auteur r\u00e9cemment d\u2019un 27\u201943\u2019\u2019sur 10 km. Un sixi\u00e8me homme pourrait encore rejoindre le groupe : <a href=\"https:\/\/www.letelegramme.fr\/sports\/athletisme\/la-medaille-va-aller-chez-pepe-et-meme-jimmy-gressier-dans-lhistoire-de-lathle-francais-apres-son-titre-mondial-sur-10-000-m-6889334.php\" target=\"_blank\" rel=\"noopener\">Jimmy Gressier<\/a>, qui prendra sa d\u00e9cision apr\u00e8s la Course de l\u2019Escalade.<\/p>\n<p>Guillemot et Loh\u00e9ac-Bouchard chez les femmes<\/p>\n<p>Chez les femmes, <a href=\"https:\/\/www.letelegramme.fr\/sports\/athletisme\/le-niveau-mondial-cest-mon-niveau-agathe-guillemot-vise-toujours-plus-haut-pour-les-mondiaux-de-tokyo-6888244.php\" target=\"_blank\" rel=\"noopener\">Agathe Guillemot,<\/a> troisi\u00e8me Fran\u00e7aise \u00e0 Allonnes, poursuit sa belle dynamique. Avec d\u00e9j\u00e0 dix s\u00e9lections au compteur, elle confirme son statut d\u2019habitu\u00e9e du maillot bleu. \u00c0 ses c\u00f4t\u00e9s, une autre Bretonne sera du voyage : <a href=\"https:\/\/www.letelegramme.fr\/sports\/athletisme\/je-navais-jamais-vraiment-fait-le-deuil-de-la-piste-marie-bouchard-de-retour-aux-championnats-de-france-elite-6864811.php\" target=\"_blank\" rel=\"noopener\">Marie Loh\u00e9ac-Bouchard<\/a>, retenue gr\u00e2ce \u00e0 sa sixi\u00e8me place fran\u00e7aise lors de la course de s\u00e9lection. Le trio de t\u00eate &#8211; Alessia Zarbo, Ana\u00eblle Guillonnet et Agathe Guillemot &#8211; formait un groupe d\u2019athl\u00e8tes prioritaires au regard des crit\u00e8res f\u00e9d\u00e9raux. Le collectif est compl\u00e9t\u00e9 par C\u00e9lia Tabet (4e Fran\u00e7aise), tandis que Manon Trapp, cinqui\u00e8me, avait annonc\u00e9 en amont ne pas candidater, pr\u00e9f\u00e9rant se tourner vers le marathon.<\/p>\n<p>En relais mixte, la f\u00e9d\u00e9ration a suivi \u201cla logique du terrain\u201d : les premiers de la course de s\u00e9lection ont \u00e9t\u00e9 retenus. <a href=\"https:\/\/www.letelegramme.fr\/sports\/running\/je-voulais-juste-retrouver-les-sensations-de-course-mael-gouyette-une-reprise-record-sur-la-leclerc-gouesnou-6908294.php\" target=\"_blank\" rel=\"noopener\">Ma\u00ebl Gouyette<\/a> repr\u00e9sentera ainsi la Bretagne au sein du quatuor tricolore. Il sera associ\u00e9 \u00e0 Antoine Senard chez les hommes, et \u00e0 \u00c9milie Girard et B\u00e9r\u00e9nice Fulchiron chez les femmes.<\/p>\n","protected":false},"excerpt":{"rendered":"Championnats d\u2019Europe de cross-country, le dimanche 14 d\u00e9cembre \u00e0 Lagoa (Portugal) La Bretagne sera bien repr\u00e9sent\u00e9e aux championnats&hellip;\n","protected":false},"author":2,"featured_media":558867,"comment_status":"","ping_status":"","sticky":false,"template":"","format":"standard","meta":{"footnotes":""},"categories":[1586],"tags":[11,44050,3166,1777,674,1011,27,12,25,7135,60],"class_list":{"0":"post-558866","1":"post","2":"type-post","3":"status-publish","4":"format-standard","5":"has-post-thumbnail","7":"category-europe","8":"tag-actualites","9":"tag-cross-country","10":"tag-en-continu-sports","11":"tag-eu","12":"tag-europe","13":"tag-fr","14":"tag-france","15":"tag-news","16":"tag-republique-francaise","17":"tag-running","18":"tag-sports"},"share_on_mastodon":{"url":"https:\/\/pubeurope.com\/@fr\/115613388243751023","error":""},"_links":{"self":[{"href":"https:\/\/www.europesays.com\/fr\/wp-json\/wp\/v2\/posts\/558866","targetHints":{"allow":["GET"]}}],"collection":[{"href":"https:\/\/www.europesays.com\/fr\/wp-json\/wp\/v2\/posts"}],"about":[{"href":"https:\/\/www.europesays.com\/fr\/wp-json\/wp\/v2\/types\/post"}],"author":[{"embeddable":true,"href":"https:\/\/www.europesays.com\/fr\/wp-json\/wp\/v2\/users\/2"}],"replies":[{"embeddable":true,"href":"https:\/\/www.europesays.com\/fr\/wp-json\/wp\/v2\/comments?post=558866"}],"version-history":[{"count":0,"href":"https:\/\/www.europesays.com\/fr\/wp-json\/wp\/v2\/posts\/558866\/revisions"}],"wp:featuredmedia":[{"embeddable":true,"href":"https:\/\/www.europesays.com\/fr\/wp-json\/wp\/v2\/media\/558867"}],"wp:attachment":[{"href":"https:\/\/www.europesays.com\/fr\/wp-json\/wp\/v2\/media?parent=558866"}],"wp:term":[{"taxonomy":"category","embeddable":true,"href":"https:\/\/www.europesays.com\/fr\/wp-json\/wp\/v2\/categories?post=558866"},{"taxonomy":"post_tag","embeddable":true,"href":"https:\/\/www.europesays.com\/fr\/wp-json\/wp\/v2\/tags?post=558866"}],"curies":[{"name":"wp","href":"https:\/\/api.w.org\/{rel}","templated":true}]}}