{"id":558874,"date":"2025-11-26T01:27:15","date_gmt":"2025-11-26T01:27:15","guid":{"rendered":"https:\/\/www.europesays.com\/fr\/558874\/"},"modified":"2025-11-26T01:27:15","modified_gmt":"2025-11-26T01:27:15","slug":"budget-de-la-secu-le-senat-ne-cherche-pas-le-compromis-denonce-patrick-kanner-ps","status":"publish","type":"post","link":"https:\/\/www.europesays.com\/fr\/558874\/","title":{"rendered":"Budget de la S\u00e9cu : \u00ab\u00a0le S\u00e9nat ne cherche pas le compromis\u00a0\u00bb, d\u00e9nonce Patrick Kanner (PS)"},"content":{"rendered":"<p>Le rejet de la partie \u00ab\u00a0recettes\u00a0\u00bb du Budget vendredi soir par l&rsquo;Assembl\u00e9e nationale, \u00e0 la quasi-unanimit\u00e9 <a href=\"https:\/\/www.tf1info.fr\/politique\/budget-etat-plf-2026-rejete-par-l-assemblee-nationale-qui-est-harold-huwart-le-seul-depute-a-avoir-vote-en-faveur-du-texte-2408243.html\" target=\"_blank\" rel=\"noopener\">moins une voix (nouvelle fen\u00eatre)<\/a>, n&rsquo;avait rien de surprenant, assure sur franceinfo TV son rapporteur, le d\u00e9put\u00e9 LR Philippe Juvin. \u00ab\u00a0C&rsquo;est une logique, puisque c&rsquo;\u00e9tait un texte qui n&rsquo;avait ni queue ni t\u00eate, qui avait vot\u00e9 des taxes et des imp\u00f4ts nouveaux en quantit\u00e9, ce qui n&rsquo;est pas bien pour la France\u00a0\u00bb, estime l&rsquo;\u00e9lu des Hauts-de-Seine, qui \u00e9voque aussi \u00ab\u00a0des taxes et des imp\u00f4ts contraires au droit europ\u00e9en, \u00e0 la Constitution, \u00e0 des dispositions fiscales\u00a0\u00bb. Et donc un \u00ab\u00a0texte inapplicable\u00a0\u00bb en l&rsquo;\u00e9tat.\u00a0<\/p>\n<p>\u00ab\u00a0Maintenant c&rsquo;est le S\u00e9nat qui reprend la main et qui va nous proposer quelque chose, on se remettra \u00e0 travailler \u00e0 l&rsquo;Assembl\u00e9e\u00a0\u00bb, ajoute-t-il. Il esp\u00e8re que le nouveau cycle de discussions sera plus porteur. \u00ab\u00a0Dans cette premi\u00e8re phase, nous n&rsquo;avons pas eu le temps\u00a0\u00bb n\u00e9cessaire, affirme-t-il. \u00ab\u00a0J&rsquo;ai eu le texte du budget un lundi et nous devions d\u00e9poser les amendements le jeudi. Comment voulez-vous, en trois jours, de fa\u00e7on pr\u00e9cipit\u00e9e, passer des accords entre groupes politiques ? ce n&rsquo;\u00e9tait pas possible\u00a0\u00bb, explique le d\u00e9put\u00e9.\u00a0<\/p>\n<p>Et surtout, le \u00ab\u00a0poids des n\u00e9cessit\u00e9s\u00a0\u00bb va s&rsquo;imposer : \u00ab\u00a0il faut que nous ayons un budget avant la fin de l&rsquo;ann\u00e9e, c&rsquo;est \u00e7a qui je pense peut d\u00e9clencher un \u00e9clair de sagesse chez certains, qui jusqu&rsquo;ici n&rsquo;ont propos\u00e9 que des choses inapplicables\u00a0\u00bb, lance-t-il. \u00a0<\/p>\n","protected":false},"excerpt":{"rendered":"Le rejet de la partie \u00ab\u00a0recettes\u00a0\u00bb du Budget vendredi soir par l&rsquo;Assembl\u00e9e nationale, \u00e0 la quasi-unanimit\u00e9 moins une&hellip;\n","protected":false},"author":2,"featured_media":558875,"comment_status":"","ping_status":"","sticky":false,"template":"","format":"standard","meta":{"footnotes":""},"categories":[4],"tags":[1111,11,1921,416,58882,1011,27,1922,58883,58884,66650,12,25,11067,133,4530],"class_list":{"0":"post-558874","1":"post","2":"type-post","3":"status-publish","4":"format-standard","5":"has-post-thumbnail","7":"category-france","8":"tag-actu","9":"tag-actualites","10":"tag-article-video","11":"tag-assemblee-nationale","12":"tag-avec-linstabilite-politique","13":"tag-fr","14":"tag-france","15":"tag-info","16":"tag-la-france-aura-t-elle-un-budget-2026","17":"tag-lecornu-ii-le-nouveau-gouvernement-a-lepreuve-du-budget","18":"tag-maud-bregeon","19":"tag-news","20":"tag-republique-francaise","21":"tag-sebastien-lecornu","22":"tag-video","23":"tag-video-politique"},"share_on_mastodon":{"url":"https:\/\/pubeurope.com\/@fr\/115613403908283288","error":""},"_links":{"self":[{"href":"https:\/\/www.europesays.com\/fr\/wp-json\/wp\/v2\/posts\/558874","targetHints":{"allow":["GET"]}}],"collection":[{"href":"https:\/\/www.europesays.com\/fr\/wp-json\/wp\/v2\/posts"}],"about":[{"href":"https:\/\/www.europesays.com\/fr\/wp-json\/wp\/v2\/types\/post"}],"author":[{"embeddable":true,"href":"https:\/\/www.europesays.com\/fr\/wp-json\/wp\/v2\/users\/2"}],"replies":[{"embeddable":true,"href":"https:\/\/www.europesays.com\/fr\/wp-json\/wp\/v2\/comments?post=558874"}],"version-history":[{"count":0,"href":"https:\/\/www.europesays.com\/fr\/wp-json\/wp\/v2\/posts\/558874\/revisions"}],"wp:featuredmedia":[{"embeddable":true,"href":"https:\/\/www.europesays.com\/fr\/wp-json\/wp\/v2\/media\/558875"}],"wp:attachment":[{"href":"https:\/\/www.europesays.com\/fr\/wp-json\/wp\/v2\/media?parent=558874"}],"wp:term":[{"taxonomy":"category","embeddable":true,"href":"https:\/\/www.europesays.com\/fr\/wp-json\/wp\/v2\/categories?post=558874"},{"taxonomy":"post_tag","embeddable":true,"href":"https:\/\/www.europesays.com\/fr\/wp-json\/wp\/v2\/tags?post=558874"}],"curies":[{"name":"wp","href":"https:\/\/api.w.org\/{rel}","templated":true}]}}