{"id":558878,"date":"2025-11-26T01:31:20","date_gmt":"2025-11-26T01:31:20","guid":{"rendered":"https:\/\/www.europesays.com\/fr\/558878\/"},"modified":"2025-11-26T01:31:20","modified_gmt":"2025-11-26T01:31:20","slug":"la-releve-est-assuree-serena-williams-partage-des-cliches-rares-de-sa-fille-adira-jouant-au-tennis","status":"publish","type":"post","link":"https:\/\/www.europesays.com\/fr\/558878\/","title":{"rendered":"La rel\u00e8ve est assur\u00e9e : Serena Williams partage des clich\u00e9s rares de sa fille Adira jouant au tennis"},"content":{"rendered":"<p>Discr\u00e8te sur sa vie priv\u00e9e, <a href=\"https:\/\/www.vanityfair.fr\/mode\/article\/serena-williams-etoilee-et-en-diamants-pour-son-dernier-us-open\" target=\"_blank\" rel=\"noopener\">Serena Williams<\/a> n\u2019a jamais cherch\u00e9 \u00e0 trop exposer son <a href=\"https:\/\/www.vanityfair.fr\/dossier\/quotidien\" isautogenerated=\"true\" target=\"_blank\" rel=\"noopener\">quotidien<\/a> familial, malgr\u00e9 son statut de m\u00e8re admir\u00e9e et d\u2019athl\u00e8te iconique. Mari\u00e9e depuis 2017 \u00e0 <strong>Alexis Ohanian<\/strong>, elle est la maman de deux filles : Olympia, 8 ans, et Adira, 2 ans. Et chez les Williams, la passion du tennis semble se transmettre d\u00e8s les premiers pas.<\/p>\n<p>Ce lundi, la star a partag\u00e9 des clich\u00e9s tr\u00e8s personnels de sa cadette, raquette \u00e0 la main, concentr\u00e9e sur ses premiers gestes. \u00ab Voici une photo o\u00f9 je partage ma passion pour le tennis avec ma plus jeune fille \u00bb, \u00e9crit-elle en l\u00e9gende.<\/p>\n<p>On y voit la fillette tenter de maintenir une balle en \u00e9quilibre sur une mini-raquette, sous le regard attentif de la meilleure coach possible. Le talent, lui, ne semble pas attendre : Adira imite \u00e0 la perfection les mouvements de sa m\u00e8re. La tendresse de ces images a imm\u00e9diatement conquis les fans, qui ont envahi les commentaires de messages admiratifs. \u00ab Une future championne \u00bb, souffle l\u2019un. \u00ab Championne de l\u2019US Open 2040 \u00bb, plaisante un autre.<\/p>\n<p>Serena Williams est aussi la maman d\u2019Olympia, n\u00e9e en 2017. Lorsqu\u2019elle annonce son retrait des courts en 2022 \u2014 apr\u00e8s vingt-sept ans de carri\u00e8re \u2014, c\u2019est d\u2019abord pour se consacrer \u00e0 sa famille. \u00ab Aujourd\u2019hui, si je dois choisir entre \u00e9toffer mon palmar\u00e8s tennistique et fonder une famille, je choisis la seconde option \u00bb, confiait-elle alors dans un essai personnel cit\u00e9 par <a data-offer-url=\"https:\/\/pagesix.com\/2025\/11\/24\/parents\/serena-williams-shares-rare-snaps-of-daughter-adira-2-playing-tennis\/\" class=\"external-link\" data-event-click=\"{&quot;element&quot;:&quot;ExternalLink&quot;,&quot;outgoingURL&quot;:&quot;https:\/\/pagesix.com\/2025\/11\/24\/parents\/serena-williams-shares-rare-snaps-of-daughter-adira-2-playing-tennis\/&quot;}\" href=\"https:\/\/pagesix.com\/2025\/11\/24\/parents\/serena-williams-shares-rare-snaps-of-daughter-adira-2-playing-tennis\/\" rel=\"nofollow noopener\" target=\"_blank\">Page Six<\/a>.<\/p>\n<p>Depuis, elle multiplie les instants partag\u00e9s avec ses filles. En mars dernier, elle posait pour la marque Janie and Jack aux c\u00f4t\u00e9s d\u2019Olympia et d\u2019Adira, pour leur toute premi\u00e8re campagne commune, mettant en avant une collection en \u00e9dition limit\u00e9e imagin\u00e9e par l\u2019athl\u00e8te. \u00ab Il \u00e9tait tout naturel que mes filles participent \u00e0 la campagne, car cette collection c\u00e9l\u00e8bre la famille \u00bb, expliquait-elle \u00e0 <a data-offer-url=\"https:\/\/people.com\/serena-williams-says-daughters-were-naturals-in-first-campaign-exclusive-11695146\" class=\"external-link\" data-event-click=\"{&quot;element&quot;:&quot;ExternalLink&quot;,&quot;outgoingURL&quot;:&quot;https:\/\/people.com\/serena-williams-says-daughters-were-naturals-in-first-campaign-exclusive-11695146&quot;}\" href=\"https:\/\/people.com\/serena-williams-says-daughters-were-naturals-in-first-campaign-exclusive-11695146\" rel=\"nofollow noopener\" target=\"_blank\">People<\/a>.<\/p>\n<p>En m\u00ealant maternit\u00e9 et carri\u00e8re sportive avec autant de force que de tendresse, Serena Williams a ouvert la voie \u00e0 une nouvelle g\u00e9n\u00e9ration d\u2019athl\u00e8tes. Une inspiration assum\u00e9e pour des sportives comme la judokate fran\u00e7aise <a href=\"https:\/\/www.vanityfair.fr\/article\/dans-un-documentaire-qui-lui-est-consacre-clarisse-agbegnenou-prouve-que-maternite-et-haut-niveau-ne-sont-pas-incompatibles\" target=\"_blank\" rel=\"noopener\">Clarisse Agbegnenou<\/a>, qui prouve \u00e0 son tour que concilier haut niveau et vie de famille n\u2019a plus rien d\u2019impossible \u2014 en partie gr\u00e2ce \u00e0 Serena.<\/p>\n","protected":false},"excerpt":{"rendered":"Discr\u00e8te sur sa vie priv\u00e9e, Serena Williams n\u2019a jamais cherch\u00e9 \u00e0 trop exposer son quotidien familial, malgr\u00e9 son&hellip;\n","protected":false},"author":2,"featured_media":558879,"comment_status":"","ping_status":"","sticky":false,"template":"","format":"standard","meta":{"footnotes":""},"categories":[1415],"tags":[1000,1011,27,60,1467,6747,721],"class_list":{"0":"post-558878","1":"post","2":"type-post","3":"status-publish","4":"format-standard","5":"has-post-thumbnail","7":"category-tennis","8":"tag-celebrites","9":"tag-fr","10":"tag-france","11":"tag-sports","12":"tag-tennis","13":"tag-textabovecentergridwidth","14":"tag-web"},"share_on_mastodon":{"url":"https:\/\/pubeurope.com\/@fr\/115613419654185248","error":""},"_links":{"self":[{"href":"https:\/\/www.europesays.com\/fr\/wp-json\/wp\/v2\/posts\/558878","targetHints":{"allow":["GET"]}}],"collection":[{"href":"https:\/\/www.europesays.com\/fr\/wp-json\/wp\/v2\/posts"}],"about":[{"href":"https:\/\/www.europesays.com\/fr\/wp-json\/wp\/v2\/types\/post"}],"author":[{"embeddable":true,"href":"https:\/\/www.europesays.com\/fr\/wp-json\/wp\/v2\/users\/2"}],"replies":[{"embeddable":true,"href":"https:\/\/www.europesays.com\/fr\/wp-json\/wp\/v2\/comments?post=558878"}],"version-history":[{"count":0,"href":"https:\/\/www.europesays.com\/fr\/wp-json\/wp\/v2\/posts\/558878\/revisions"}],"wp:featuredmedia":[{"embeddable":true,"href":"https:\/\/www.europesays.com\/fr\/wp-json\/wp\/v2\/media\/558879"}],"wp:attachment":[{"href":"https:\/\/www.europesays.com\/fr\/wp-json\/wp\/v2\/media?parent=558878"}],"wp:term":[{"taxonomy":"category","embeddable":true,"href":"https:\/\/www.europesays.com\/fr\/wp-json\/wp\/v2\/categories?post=558878"},{"taxonomy":"post_tag","embeddable":true,"href":"https:\/\/www.europesays.com\/fr\/wp-json\/wp\/v2\/tags?post=558878"}],"curies":[{"name":"wp","href":"https:\/\/api.w.org\/{rel}","templated":true}]}}