{"id":558884,"date":"2025-11-26T01:37:13","date_gmt":"2025-11-26T01:37:13","guid":{"rendered":"https:\/\/www.europesays.com\/fr\/558884\/"},"modified":"2025-11-26T01:37:13","modified_gmt":"2025-11-26T01:37:13","slug":"bernard-montiel-emu-aux-larmes-dans-c-a-vous","status":"publish","type":"post","link":"https:\/\/www.europesays.com\/fr\/558884\/","title":{"rendered":"Bernard Montiel \u00e9mu aux larmes dans \u00abC \u00e0 vous\u00bb"},"content":{"rendered":"<p>    Bernard Montiel dans \u00abC \u00e0 vous\u00bb<br \/>\n                Capture \u00e9cran<\/p>\n<p>\n    L\u2019animateur a \u00e9voqu\u00e9 avec beaucoup d\u2019\u00e9motion, dans le talk-show de France 5, son fid\u00e8le compagnon disparu il y a 20 ans.<\/p>\n<p class=\"fig-paragraph\"><a href=\"http:\/\/tvmag.lefigaro.fr\/programme-tv\/ce-soir-tele\/j-etais-surpris-qu-elle-reagisse-comme-ca-bernard-montiel-repond-a-sophie-davant-sur-ses-audiences-20251120\" target=\"_blank\" data-fig-type=\"Article\" rel=\"noopener\" data-gtm-custom-categorie=\"navigation\" data-gtm-custom-action=\"crossclick\" data-gtm-custom-label=\"Contextuel\" data-gtm-event=\"customEventSPE\" data-fig-domain=\"TVMAG\"><strong>Bernard Montiel<\/strong><\/a> \u00a0est un d\u00e9fenseur de la cause animal. C\u2019est pourquoi il anime d\u00e9sormais \u00abAnimalement v\u00f4tre\u00bb, le nouveau rendez-vous dominical de France 3. Chaque semaine, il invite des personnalit\u00e9s telles que Laurent Romejko ou encore Caroline Roux. \u00abCe ne sont pas les c\u00e9l\u00e9brit\u00e9s qui nous int\u00e9ressent, ce sont les personnes qui aiment les animaux\u00a0!\u00bb, a-t-il confi\u00e9 au \u00abBuzz TV\u00bb. Ce mardi 25 novembre, il prouve une fois de plus son attachement pour nos amis \u00e0 quatre pattes.<\/p>\n<p class=\"fig-paragraph\">Une image d\u2019archive de l\u2019\u00e9mission \u00ab30 millions d\u2019amis\u00bb suffit \u00e0 l\u2019\u00e9mouvoir aux larmes. Les images datent de 1995 et Bernard Montiel y appara\u00eet avec son chien, disparu aujourd\u2019hui. \u00abJe n\u2019ai pas pu lui trouver de successeur\u00bb, d\u00e9bute l\u2019animateur, tr\u00e8s \u00e9mu, face \u00e0\u00a0<a href=\"http:\/\/tvmag.lefigaro.fr\/programme-tv\/actu-tele\/mais-ce-n-est-pas-possible-la-grosse-bourde-d-anne-elisabeth-lemoine-face-a-vanessa-paradis-20251105\" target=\"_blank\" data-fig-type=\"Article\" rel=\"noopener\" data-gtm-custom-categorie=\"navigation\" data-gtm-custom-action=\"crossclick\" data-gtm-custom-label=\"Contextuel\" data-gtm-event=\"customEventSPE\" data-fig-domain=\"TVMAG\">Anne-\u00c9lisabeth Lemoine<\/a>.<\/p>\n<blockquote class=\"fig-quote&#10;    \">\n<p class=\"fig-quote__text\">Il ne faut pas prendre un animal comme \u00e7a.<\/p>\n<p>            Bernard Montiel dans \u00abC \u00e0 vous\u00bb\n    <\/p><\/blockquote>\n<p>                                    <a class=\"fig-a11y-skip a11y-hidden\" href=\"#fig-a11y-skip-main-inarticle\"><br \/>\n        Passer la publicit\u00e9<br \/>\n    <\/a><\/p>\n<p class=\"fig-paragraph\">\u00ab\u00c7a me touche \u00e9norm\u00e9ment parce que j\u2019ai aim\u00e9 profond\u00e9ment ce chien. C\u2019\u00e9tait mon compagnon, je suis un solitaire. Il \u00e9tait avec moi tous les jours, une merveille d\u2019intelligence, d\u2019une beaut\u00e9\u00bb, poursuit Bernard Montiel qui ne peut poursuivre. \u00abJe ne regarde plus les images. Je ne peux pas en parler, je ne peux pas le voir\u00bb, assure-t-il.<\/p>\n<p class=\"fig-paragraph\">S\u2019il n\u2019a pas adopt\u00e9 un nouveau compagnon, ce n\u2019est pas \u00abpour une question de deuil\u00bb, mais bien par soucis de s\u2019occuper correctement de son chien. \u00abAvoir un animal c\u2019est tr\u00e8s important. Il faut les respecter profond\u00e9ment\u00bb, argument-il avant d\u2019\u00e9noncer avec conviction\u00a0: \u00abIl ne faut pas prendre un animal comme \u00e7a\u00bb. \u00abJ\u2019attends d\u2019\u00eatre \u00e0 la retraite. Je vais avoir plein de chiens chez moi comme Brigitte Bardot que j\u2019aime profond\u00e9ment\u00bb, conclut l\u2019animateur.<\/p>\n","protected":false},"excerpt":{"rendered":"Bernard Montiel dans \u00abC \u00e0 vous\u00bb Capture \u00e9cran L\u2019animateur a \u00e9voqu\u00e9 avec beaucoup d\u2019\u00e9motion, dans le talk-show de&hellip;\n","protected":false},"author":2,"featured_media":558885,"comment_status":"","ping_status":"","sticky":false,"template":"","format":"standard","meta":{"footnotes":""},"categories":[1359],"tags":[5631,58,59,1011,27,4467,973],"class_list":{"0":"post-558884","1":"post","2":"type-post","3":"status-publish","4":"format-standard","5":"has-post-thumbnail","7":"category-people","8":"tag-anne-elisabeth-lemoine","9":"tag-divertissement","10":"tag-entertainment","11":"tag-fr","12":"tag-france","13":"tag-france-5","14":"tag-people"},"share_on_mastodon":{"url":"https:\/\/pubeurope.com\/@fr\/115613443684963821","error":""},"_links":{"self":[{"href":"https:\/\/www.europesays.com\/fr\/wp-json\/wp\/v2\/posts\/558884","targetHints":{"allow":["GET"]}}],"collection":[{"href":"https:\/\/www.europesays.com\/fr\/wp-json\/wp\/v2\/posts"}],"about":[{"href":"https:\/\/www.europesays.com\/fr\/wp-json\/wp\/v2\/types\/post"}],"author":[{"embeddable":true,"href":"https:\/\/www.europesays.com\/fr\/wp-json\/wp\/v2\/users\/2"}],"replies":[{"embeddable":true,"href":"https:\/\/www.europesays.com\/fr\/wp-json\/wp\/v2\/comments?post=558884"}],"version-history":[{"count":0,"href":"https:\/\/www.europesays.com\/fr\/wp-json\/wp\/v2\/posts\/558884\/revisions"}],"wp:featuredmedia":[{"embeddable":true,"href":"https:\/\/www.europesays.com\/fr\/wp-json\/wp\/v2\/media\/558885"}],"wp:attachment":[{"href":"https:\/\/www.europesays.com\/fr\/wp-json\/wp\/v2\/media?parent=558884"}],"wp:term":[{"taxonomy":"category","embeddable":true,"href":"https:\/\/www.europesays.com\/fr\/wp-json\/wp\/v2\/categories?post=558884"},{"taxonomy":"post_tag","embeddable":true,"href":"https:\/\/www.europesays.com\/fr\/wp-json\/wp\/v2\/tags?post=558884"}],"curies":[{"name":"wp","href":"https:\/\/api.w.org\/{rel}","templated":true}]}}