{"id":558890,"date":"2025-11-26T01:41:13","date_gmt":"2025-11-26T01:41:13","guid":{"rendered":"https:\/\/www.europesays.com\/fr\/558890\/"},"modified":"2025-11-26T01:41:13","modified_gmt":"2025-11-26T01:41:13","slug":"les-forbans-bebert-leader-du-groupe-de-rock-est-decede","status":"publish","type":"post","link":"https:\/\/www.europesays.com\/fr\/558890\/","title":{"rendered":"Les Forbans : \u00ab\u00a0B\u00e9bert\u00a0\u00bb, leader du groupe de rock, est d\u00e9c\u00e9d\u00e9"},"content":{"rendered":"<ul class=\"jsx-862013697 ArticleChapo__List\">\n<li class=\"jsx-862013697 ArticleChapo__List_Item flex\">Albert Kassabi, leader du groupe de rock Les Forbans, est d\u00e9c\u00e9d\u00e9 ce mardi soir \u00e0 l&rsquo;\u00e2ge de 63 ans, a annonc\u00e9 Michel Papain, cofondateur et batteur du groupe.<\/li>\n<li class=\"jsx-862013697 ArticleChapo__List_Item flex\">\u00ab\u00a0B\u00e9bert\u00a0\u00bb est mort des suites d\u2019une longue maladie.<\/li>\n<\/ul>\n<p data-module=\"article-paragraph\" class=\"jsx-3046738180 Paragraph\">Il avait accompagn\u00e9 en chanson les soir\u00e9es de nombreux f\u00eatards. Le chanteur Albert Kassabi, dit \u00ab\u00a0B\u00e9bert\u00a0\u00bb, leader du groupe de rock <a href=\"https:\/\/www.tf1info.fr\/culture\/les-forbans-sont-de-retour-2097639.html\" target=\"_blank\" rel=\"noopener\">Les Forbans<\/a> qui a connu la gloire dans les ann\u00e9es 1980, est d\u00e9c\u00e9d\u00e9 mardi 25 novembre au soir en r\u00e9gion parisienne \u00e0 l&rsquo;\u00e2ge de 63 ans, a annonc\u00e9 \u00e0 l\u2019AFP Michel Papain, cofondateur et batteur du groupe, au nom de la famille. Albert Kassabi est d\u00e9c\u00e9d\u00e9 des suites d\u2019une longue maladie, a-t-il pr\u00e9cis\u00e9.<\/p>\n<p data-module=\"article-paragraph\" class=\"jsx-3046738180 Paragraph\">Compos\u00e9 au d\u00e9part de copains de lyc\u00e9e, le groupe s&rsquo;est form\u00e9 en 1978. Les Forbans ont rencontr\u00e9 le succ\u00e8s avec le titre \u00ab\u00a0Chante !\u00a0\u00bb, sorti en 1982. Il s&rsquo;agit d&rsquo;une adaptation fran\u00e7aise de \u00ab\u00a0Shout ! Shout ! (Knock Yourself Out)\u00a0\u00bb du chanteur am\u00e9ricain Ernie Maresca, chanson parue vingt ans plus t\u00f4t.\u00a0<\/p>\n<p data-module=\"article-paragraph\" class=\"jsx-3046738180 Paragraph Paragraph__End\">Ce tube les a propuls\u00e9s au hit parade avec pr\u00e8s de deux millions d\u2019exemplaires \u00e9coul\u00e9s. Il est depuis rest\u00e9 un standard de la chanson populaire.\u00a0<\/p>\n<p><a href=\"https:\/\/www.tf1info.fr\/culture\/deces-mort-de-jimmy-cliff-l-interprete-du-celebre-reggae-night-est-decede-2408570.html\" rel=\"noopener\" class=\"jsx-3308031228 Link flex\" target=\"_blank\"><img decoding=\"async\" src=\"https:\/\/www.europesays.com\/fr\/wp-content\/uploads\/2025\/11\/jimmy-cliff-2015-713fc2-0@1x.jpeg\" alt=\"AFP\" loading=\"lazy\" importance=\"low\" fetchpriority=\"low\" class=\"\" aria-hidden=\"true\"\/><\/p>\n<p class=\"jsx-3657663356 ReadMoreArticle__Title\">Lire aussi<\/p>\n<p class=\"jsx-3657663356\">Jimmy Cliff, l&rsquo;interpr\u00e8te du c\u00e9l\u00e8bre \u00ab\u00a0Reggae Night\u00a0\u00bb, est d\u00e9c\u00e9d\u00e9<\/p>\n<p><\/a><\/p>\n<p data-module=\"article-paragraph\" class=\"jsx-3046738180 Paragraph Paragraph__End\">Avec une dizaine d\u2019albums \u00e0 leur actif et une cinquantaine de concerts par an ces derniers temps, Les Forbans ont particip\u00e9 jusqu\u2019en 2014 \u00e0 la tourn\u00e9e \u00ab\u00a0\u00c2ge Tendre, la tourn\u00e9e des idoles\u00a0\u00bb, regroupant des figures populaires de la chanson des ann\u00e9es 60 \u00e0 90. Ils avaient f\u00eat\u00e9 le 40e anniversaire du groupe sur la sc\u00e8ne de L&rsquo;Olympia en 2018.<\/p>\n<p>La r\u00e9daction de TF1info avec AFP<\/p>\n","protected":false},"excerpt":{"rendered":"Albert Kassabi, leader du groupe de rock Les Forbans, est d\u00e9c\u00e9d\u00e9 ce mardi soir \u00e0 l&rsquo;\u00e2ge de 63&hellip;\n","protected":false},"author":2,"featured_media":558891,"comment_status":"","ping_status":"","sticky":false,"template":"","format":"standard","meta":{"footnotes":""},"categories":[1355],"tags":[1111,11,1921,2715,58,59,1011,27,1922,2041,1361,873,133,2040],"class_list":{"0":"post-558890","1":"post","2":"type-post","3":"status-publish","4":"format-standard","5":"has-post-thumbnail","7":"category-musique","8":"tag-actu","9":"tag-actualites","10":"tag-article-video","11":"tag-disparition","12":"tag-divertissement","13":"tag-entertainment","14":"tag-fr","15":"tag-france","16":"tag-info","17":"tag-medias-et-divertissement","18":"tag-music","19":"tag-musique","20":"tag-video","21":"tag-video-culture"},"share_on_mastodon":{"url":"https:\/\/pubeurope.com\/@fr\/115613459691589860","error":""},"_links":{"self":[{"href":"https:\/\/www.europesays.com\/fr\/wp-json\/wp\/v2\/posts\/558890","targetHints":{"allow":["GET"]}}],"collection":[{"href":"https:\/\/www.europesays.com\/fr\/wp-json\/wp\/v2\/posts"}],"about":[{"href":"https:\/\/www.europesays.com\/fr\/wp-json\/wp\/v2\/types\/post"}],"author":[{"embeddable":true,"href":"https:\/\/www.europesays.com\/fr\/wp-json\/wp\/v2\/users\/2"}],"replies":[{"embeddable":true,"href":"https:\/\/www.europesays.com\/fr\/wp-json\/wp\/v2\/comments?post=558890"}],"version-history":[{"count":0,"href":"https:\/\/www.europesays.com\/fr\/wp-json\/wp\/v2\/posts\/558890\/revisions"}],"wp:featuredmedia":[{"embeddable":true,"href":"https:\/\/www.europesays.com\/fr\/wp-json\/wp\/v2\/media\/558891"}],"wp:attachment":[{"href":"https:\/\/www.europesays.com\/fr\/wp-json\/wp\/v2\/media?parent=558890"}],"wp:term":[{"taxonomy":"category","embeddable":true,"href":"https:\/\/www.europesays.com\/fr\/wp-json\/wp\/v2\/categories?post=558890"},{"taxonomy":"post_tag","embeddable":true,"href":"https:\/\/www.europesays.com\/fr\/wp-json\/wp\/v2\/tags?post=558890"}],"curies":[{"name":"wp","href":"https:\/\/api.w.org\/{rel}","templated":true}]}}