{"id":558892,"date":"2025-11-26T01:42:14","date_gmt":"2025-11-26T01:42:14","guid":{"rendered":"https:\/\/www.europesays.com\/fr\/558892\/"},"modified":"2025-11-26T01:42:14","modified_gmt":"2025-11-26T01:42:14","slug":"sorties-cinema-du-26-novembre-la-voix-de-hind-rajab-zootopie-2-follemente-les-films-a-voir-ou-pas-le-parisien","status":"publish","type":"post","link":"https:\/\/www.europesays.com\/fr\/558892\/","title":{"rendered":"Sorties cin\u00e9ma du 26 novembre : \u00ab La Voix de Hind Rajab \u00bb, \u00ab Zootopie 2 \u00bb, \u00ab Follement(e) \u00bb\u2026 Les films \u00e0 voir (ou pas) &#8211; Le Parisien"},"content":{"rendered":"<ol>\n<li><a href=\"https:\/\/news.google.com\/rss\/articles\/CBMilwJBVV95cUxNZnZCZ1lZVUczYlkzQnFrU25qMGZzdDc3cDkzR0k0bXByRHQ2X1Y3bWl2STk3Q2ZnSEYxNng4ZGhIWnpiYl9FWE95bG4wUl9HVXd3S2h4TURoTWFaVU1CMnptZHl4ZnI2a2QzN0dRT2k4T0dvOWJnRXNPbV9MZkJfeXFMMmhjUkhaUm95Rnl1OHJMMkZ2cmtIN3lVWnh6N2hQQkNBR3VBdXhSUVBUYkExcTFaZXlMT3VlQVJ6X1RjNlNSS3puUlNCTFF3cURScjNfQVlLYUF3a25NN0VuLTlvbmdOZHpVZVYtdS10Z05ZV01KaFBmSWdVb3E1T0VJbGRLT1FDZEoyaTlfZlh6TzN2aHJFVThycE0?oc=5\" target=\"_blank\" rel=\"noopener\">Sorties cin\u00e9ma du 26 novembre : \u00ab La Voix de Hind Rajab \u00bb, \u00ab Zootopie 2 \u00bb, \u00ab Follement(e) \u00bb\u2026 Les films \u00e0 voir (ou pas)<\/a>&nbsp;&nbsp;Le Parisien<\/li>\n<li><a href=\"https:\/\/news.google.com\/rss\/articles\/CBMizwFBVV95cUxORXRBRUpMS1RhWnlwczh6ci1ObUEyVTVtdW5YcEVocEkyRUs4aXdwbGRwMjFCTllBbExrLUZ2Qjd4MjE3QndZcVBKVjF2YVNHaGk3dHA0bE5RQ3o5TF81OW5peW0zUWd0clMzcUdZRk0xUkZFakM1MjhmcW9UVlQ4WWVSVko4Y2JSOXEtTnc4alpFazl5bTlYU2pfTGc1UjhtcGRnUVNFbjdHbEN2TGdnc1VZOGxoXzgyazVTQm1STl9hYlJNNGlsMWJiYU12UFU?oc=5\" target=\"_blank\" rel=\"noopener\">\u00ab La Voix de Hind Rajab \u00bb a provoqu\u00e9 une onde de choc, qui ne nous a pas \u00e9pargn\u00e9s<\/a>&nbsp;&nbsp;Le HuffPost<\/li>\n<li><a href=\"https:\/\/news.google.com\/rss\/articles\/CBMifkFVX3lxTE9UbzhkNGk1V3F4ZGppdXZTNkhRNE92UV9XbnFvd05aUVpiYVF3UjBHbmppSVNYQkVucGR5a2ctejN2Wm03Y3dEbXZjSVcydXlvMVpJYVd1ckV0OGFCMkY5dHBGWlYyTldkNkR3SzZHckRPX0RrMU5FbENfcU5xUQ?oc=5\" target=\"_blank\" rel=\"noopener\">Un appel \u00e0 l\u2019aide bouleversant, qui a \u00e9mu et r\u00e9volt\u00e9 le monde entier<\/a>&nbsp;&nbsp;AlloCin\u00e9<\/li>\n<li><a href=\"https:\/\/news.google.com\/rss\/articles\/CBMi0wFBVV95cUxQamhvTlFIczgwczBwR0VFckV2ZEF5bVRSN0l3RVBZNVR5NXdSMlRzYVNxejhhZ29iNl9ZRnNpcTNYam1WNlIzaW9aQm1FNDEyTm9YTDVuX2FZMldxbUx6b0JZd1I3aHZJeGhFSElNMjM1QXZCTVY0WFdOZlJaZG9XbTM3aFAwNWZ0Ti1zdnhCb05PLXF3bFplTjYzcGpwU0l5Yi1SQ2dRMlRoNk5DLTNaZktpYkZuMGtBemFJaDZ0OFFlTFJwRFh0UjAtS2FmbjJTVXRn?oc=5\" target=\"_blank\" rel=\"noopener\">Kaouther Ben Hania, r\u00e9alisatrice : \u00ab\u00a0Gaza appelle \u00e0 l&rsquo;aide et l&rsquo;on a pas envie d&rsquo;entendre\u00a0\u00bb<\/a>&nbsp;&nbsp;Radio France<\/li>\n<li><a href=\"https:\/\/news.google.com\/rss\/articles\/CBMi0AJBVV95cUxOeU84blBOVmRHUWo1aFpxS1pyOVB6YTEyTFlINkdJRXBDZ2dOVkVFa202ckp5Zlo0WENsUVRUOXUxM05rQU0zZm1QREtzVjZITGpTU1J3YTF0SHlBWVFicU9KcnppeXMyQ3dhdnQ3NHpjakx3TFZoVlNDSG14SEFRM2NWSlN5MDdRdXpQZ3lXUWh4MlhnSWlrMXpSNEdRZEd5TTVsazAxWGJKcmlOZlN5aVYxcFNBdW9JM1QyZnlDUnREeGE3QmRNM1dqWU1NWXRYTklXVzV3ZUlmVDUyTV94Z2hicGdWbm1kNE95ZE1kSmxtaUlkYmlBeHdUUUNiSUUyY0d1RG5qYU0xVHlYakNjdy1nTHFXTDNZQjRUT3I2RmlXcU9YcUFkNU5vUEpHYkVEOEtvck56emRJeXZrR2RVelRCS3N6TjZOci13dU93OHc?oc=5\" target=\"_blank\" rel=\"noopener\">\u00ab\u00a0La voix de Hind Rajab\u00a0\u00bb : \u00ab\u00a0Les dilemmes que soul\u00e8ve ce film parlent \u00e0 tous les sauveteurs, \u00e0 tous les secouristes\u00a0\u00bb, estime Fr\u00e9d\u00e9ric Joli, porte-parole de la Croix-Rouge Fran\u00e7aise<\/a>&nbsp;&nbsp;Franceinfo<\/li>\n<\/ol>\n","protected":false},"excerpt":{"rendered":"Sorties cin\u00e9ma du 26 novembre : \u00ab La Voix de Hind Rajab \u00bb, \u00ab Zootopie 2 \u00bb, \u00ab&hellip;\n","protected":false},"author":2,"featured_media":558893,"comment_status":"","ping_status":"","sticky":false,"template":"","format":"standard","meta":{"footnotes":""},"categories":[1354],"tags":[650,872,58,59,1346,1011,27,1360],"class_list":{"0":"post-558892","1":"post","2":"type-post","3":"status-publish","4":"format-standard","5":"has-post-thumbnail","7":"category-films","8":"tag-cinema","9":"tag-culture-et-loisirs","10":"tag-divertissement","11":"tag-entertainment","12":"tag-films","13":"tag-fr","14":"tag-france","15":"tag-movies"},"share_on_mastodon":{"url":"https:\/\/pubeurope.com\/@fr\/115613462975991341","error":""},"_links":{"self":[{"href":"https:\/\/www.europesays.com\/fr\/wp-json\/wp\/v2\/posts\/558892","targetHints":{"allow":["GET"]}}],"collection":[{"href":"https:\/\/www.europesays.com\/fr\/wp-json\/wp\/v2\/posts"}],"about":[{"href":"https:\/\/www.europesays.com\/fr\/wp-json\/wp\/v2\/types\/post"}],"author":[{"embeddable":true,"href":"https:\/\/www.europesays.com\/fr\/wp-json\/wp\/v2\/users\/2"}],"replies":[{"embeddable":true,"href":"https:\/\/www.europesays.com\/fr\/wp-json\/wp\/v2\/comments?post=558892"}],"version-history":[{"count":0,"href":"https:\/\/www.europesays.com\/fr\/wp-json\/wp\/v2\/posts\/558892\/revisions"}],"wp:featuredmedia":[{"embeddable":true,"href":"https:\/\/www.europesays.com\/fr\/wp-json\/wp\/v2\/media\/558893"}],"wp:attachment":[{"href":"https:\/\/www.europesays.com\/fr\/wp-json\/wp\/v2\/media?parent=558892"}],"wp:term":[{"taxonomy":"category","embeddable":true,"href":"https:\/\/www.europesays.com\/fr\/wp-json\/wp\/v2\/categories?post=558892"},{"taxonomy":"post_tag","embeddable":true,"href":"https:\/\/www.europesays.com\/fr\/wp-json\/wp\/v2\/tags?post=558892"}],"curies":[{"name":"wp","href":"https:\/\/api.w.org\/{rel}","templated":true}]}}