{"id":558896,"date":"2025-11-26T01:44:11","date_gmt":"2025-11-26T01:44:11","guid":{"rendered":"https:\/\/www.europesays.com\/fr\/558896\/"},"modified":"2025-11-26T01:44:11","modified_gmt":"2025-11-26T01:44:11","slug":"ligue-des-champions-en-video-le-contre-son-camp-malheureux-de-kounde-face-a-chelsea-le-figaro","status":"publish","type":"post","link":"https:\/\/www.europesays.com\/fr\/558896\/","title":{"rendered":"Ligue des champions : en vid\u00e9o, le contre son camp malheureux de Kound\u00e9 face \u00e0 Chelsea &#8211; Le Figaro"},"content":{"rendered":"<ol>\n<li><a href=\"https:\/\/news.google.com\/rss\/articles\/CBMi5wFBVV95cUxQNzAyUXJ2eTh1NGpYNm1telFvcGJEb3NZTUp3Tk1nUmRKcEowZVJPdnFtRWlOem5NRTBTQmpGeGVqZ2hzUzF3NnFkc1hXdXg4a2dfNkUtVXhQNF9fYW9hRlhjamJobXRWUmtETHB1NXowd0FCb3IzaEpSdU10RGVocU1lSW80SUFWbW54cjdFZElHMW04UkM1eVpKQXlYUGRTVERpM19lTVlDSDk3S0hjRm0zbk05aWZXRWVFd2VLWXRfVXB4Q2o4dWJCVzNhMEFna1l3Q1o5OXY4UnBxRjJnNF9FSldvMlk?oc=5\" target=\"_blank\" rel=\"noopener\">Ligue des champions : en vid\u00e9o, le contre son camp malheureux de Kound\u00e9 face \u00e0 Chelsea<\/a>&nbsp;&nbsp;Le Figaro<\/li>\n<li><a href=\"https:\/\/news.google.com\/rss\/articles\/CBMi0AFBVV95cUxQb2hjSHlmd1hhTXBFUndIek1PVmlITzFvRlYyZnA1OVVGcHNsbVI3dWdQb0poZ055b3VEaDVGaVo4QzdsclBuNUNreXRWSW5OZ0xRV3M0aTJtVGRNZl9LS2VWOEZHcVFOWVRVTXE1Slp1Q1NFNk4zRnZZLUdUeXdrWkVJcDJnektfUUhldHhPc3NZZThmTmEwdlJiYXZlWHBjZjFqdjVmS0lIQS1zTDZUcDBjalFXXzdFemhDN3dQbVRTcnQ2WDljOUJGX0hSMWhP?oc=5\" target=\"_blank\" rel=\"noopener\">Largement battu par Chelsea, le Bar\u00e7a, r\u00e9duit \u00e0 dix avant la pause, confirme ses difficult\u00e9s en Ligue des champions<\/a>&nbsp;&nbsp;L&rsquo;\u00c9quipe<\/li>\n<li><a href=\"https:\/\/news.google.com\/rss\/articles\/CBMi3wFBVV95cUxONHlnUmg5SUNjSDhvOHJnR3lmMlZfSHJwZ3pBcEtTMHR1OFJvdjlxN0pHX09XVVprMnIwejhkd0lhLVdTajlKb0FLLV9BcmdYMncwQWNuT3hxZk5sdmMyTE1uc1NZVEEzWlQxZHFWSnFraUtfc1VxS0xzdjFXMXBERmhZc3JITmJNNk40bHhJRzhzV2lrWlZHbWcxWDZpb2hhSUtMQUk5UG9IanlwX01WRTlmLTBFakt0LXVabnNjYkRab3ZxTWVKaU9YSEIzM3VUaU95QkFzOUwtLVB0eUtZ?oc=5\" target=\"_blank\" rel=\"noopener\">Chelsea donne la le\u00e7on au Bar\u00e7a<\/a>&nbsp;&nbsp;Eurosport<\/li>\n<li><a href=\"https:\/\/news.google.com\/rss\/articles\/CBMiswFBVV95cUxPTmZpaEhiMW1IM1BDUVFKSmFyYmZobUMycVMyQ2gwYmFKSVJ2SDlxa0dCVTNwV3J4Rkh6MndWdHBaekt1eFNXT2dEcV9vV18wZlVGY2RfS0k3dENrTVJRb2Z5bDVFeTZJbWFSS0IzVXVrcm9iZkQ4UDhUTjlmb3BEVkxZWW10SWVpeHFSNEpPczF4M2ljbGFLNW5mbkNmTEJlclMyZ3FvakwtaS1uVHJ6WTJUWQ?oc=5\" target=\"_blank\" rel=\"noopener\">Quand Kound\u00e9 marque\u2026 contre le Bar\u00e7a (vid\u00e9o)<\/a>&nbsp;&nbsp;Sports.fr<\/li>\n<li><a href=\"https:\/\/news.google.com\/rss\/articles\/CBMilAFBVV95cUxOdEJVQjN1WTV0STRob3F1eUxGbXJLWHZuUXdheWwxSVk2NW53VmZNQVpiZm9EbU5ETFFOVDhsd0J1NS1GZzM3ZWRSdXRrVzYwbzF3YkZwVE45THlBQzRsUi0zWXRaaFJEUTUyV2hvTWdWV3ZsRFo0ZlVrY09RV1lTbjFwTVNvOUxlMkxHMUtYY0V5VFdy?oc=5\" target=\"_blank\" rel=\"noopener\">Bar\u00e7a : l\u2019\u00e9norme faute d\u2019Araujo sur Cucurella<\/a>&nbsp;&nbsp;Foot Mercato<\/li>\n<\/ol>\n","protected":false},"excerpt":{"rendered":"Ligue des champions : en vid\u00e9o, le contre son camp malheureux de Kound\u00e9 face \u00e0 Chelsea&nbsp;&nbsp;Le Figaro Largement&hellip;\n","protected":false},"author":2,"featured_media":558897,"comment_status":"","ping_status":"","sticky":false,"template":"","format":"standard","meta":{"footnotes":""},"categories":[9],"tags":[11871,5695,1011,27,16410,60],"class_list":{"0":"post-558896","1":"post","2":"type-post","3":"status-publish","4":"format-standard","5":"has-post-thumbnail","7":"category-sports","8":"tag-chelsea","9":"tag-fc-barcelone","10":"tag-fr","11":"tag-france","12":"tag-jules-kounde","13":"tag-sports"},"share_on_mastodon":{"url":"https:\/\/pubeurope.com\/@fr\/115613470800730211","error":""},"_links":{"self":[{"href":"https:\/\/www.europesays.com\/fr\/wp-json\/wp\/v2\/posts\/558896","targetHints":{"allow":["GET"]}}],"collection":[{"href":"https:\/\/www.europesays.com\/fr\/wp-json\/wp\/v2\/posts"}],"about":[{"href":"https:\/\/www.europesays.com\/fr\/wp-json\/wp\/v2\/types\/post"}],"author":[{"embeddable":true,"href":"https:\/\/www.europesays.com\/fr\/wp-json\/wp\/v2\/users\/2"}],"replies":[{"embeddable":true,"href":"https:\/\/www.europesays.com\/fr\/wp-json\/wp\/v2\/comments?post=558896"}],"version-history":[{"count":0,"href":"https:\/\/www.europesays.com\/fr\/wp-json\/wp\/v2\/posts\/558896\/revisions"}],"wp:featuredmedia":[{"embeddable":true,"href":"https:\/\/www.europesays.com\/fr\/wp-json\/wp\/v2\/media\/558897"}],"wp:attachment":[{"href":"https:\/\/www.europesays.com\/fr\/wp-json\/wp\/v2\/media?parent=558896"}],"wp:term":[{"taxonomy":"category","embeddable":true,"href":"https:\/\/www.europesays.com\/fr\/wp-json\/wp\/v2\/categories?post=558896"},{"taxonomy":"post_tag","embeddable":true,"href":"https:\/\/www.europesays.com\/fr\/wp-json\/wp\/v2\/tags?post=558896"}],"curies":[{"name":"wp","href":"https:\/\/api.w.org\/{rel}","templated":true}]}}