{"id":558900,"date":"2025-11-26T01:46:25","date_gmt":"2025-11-26T01:46:25","guid":{"rendered":"https:\/\/www.europesays.com\/fr\/558900\/"},"modified":"2025-11-26T01:46:25","modified_gmt":"2025-11-26T01:46:25","slug":"pourquoi-ce-deal-fnac-nous-fait-hesiter-frandroid","status":"publish","type":"post","link":"https:\/\/www.europesays.com\/fr\/558900\/","title":{"rendered":"pourquoi ce deal Fnac nous fait h\u00e9siter \u2014 Frandroid"},"content":{"rendered":"<p>C\u2019est la bataille du jour. Face \u00e0 la promo d\u2019Amazon, la Fnac r\u00e9plique avec ce MSI Crosshair 16. M\u00eame prix, m\u00eame carte graphique, mais une dalle qui met une claque \u00e0 la concurrence<\/p>\n<p><a target=\"_blank\" href=\"https:\/\/images.frandroid.com\/wp-content\/uploads\/2025\/11\/msi-crosshair-16.jpg\" class=\"article-content__figure\" rel=\"noopener\"><img fetchpriority=\"high\" decoding=\"async\" loading=\"eager\" width=\"1200\" height=\"675\" src=\"https:\/\/www.europesays.com\/fr\/wp-content\/uploads\/2025\/11\/msi-crosshair-16.jpg\" alt=\"\" class=\"wp-image-2885693 wp-image wp-image\"  \/><\/a><\/p>\n<p>La situation devient int\u00e9ressante. Tout \u00e0 l\u2019heure, nous vous parlions <a href=\"https:\/\/www.frandroid.com\/bons-plans\/bons-plans-pc-portable\/2885673_cest-le-pc-portable-gamer-le-plus-equilibre-et-le-moins-cher-quon-ait-vu-aujourdhui\" target=\"_blank\" rel=\"noopener\">du <strong>HP Omen 16<\/strong> \u00e0 un prix canon sur Amazon<\/a>. On pensait que l\u2019affaire \u00e9tait pli\u00e9e. Mais la <strong>Fnac<\/strong> vient de s\u2019aligner sur le tarif avec une machine radicalement diff\u00e9rente sur la philosophie : le <strong>MSI Crosshair 16 HX<\/strong>.<\/p>\n<p>L\u2019offre en chiffres<\/p>\n<p>Le prix de lancement de cette machine frisait le ridicule (2000 \u20ac). Aujourd\u2019hui, pour le Black Friday, il tombe <a target=\"_blank\" href=\"https:\/\/shop.frandroid.com\/r1egxz5o\" rel=\"noopener\">\u00e0 <strong>1 299,99 euros<\/strong><\/a>. C\u2019est une remise de <strong>35 %<\/strong>, soit <strong>700 euros<\/strong> d\u2019\u00e9conomie directe. On arrive donc exactement au m\u00eame tarif que le HP Omen.<\/p>\n<p>Pourquoi lui et pas l\u2019autre ?<\/p>\n<p>Si le c\u0153ur de la machine est similaire, l\u2019exp\u00e9rience visuelle n\u2019a rien \u00e0 voir.<\/p>\n<p>Sous le capot, on retrouve la <strong>Nvidia GeForce RTX 5070<\/strong>, toujours aussi solide pour 2025. Le processeur est un <strong>Intel Core Ultra 7 255HX<\/strong>, une brute en calcul qui chauffera s\u00fbrement, mais qui ne l\u00e2chera rien.<\/p>\n<p>                <img decoding=\"async\" width=\"1200\" height=\"446\" loading=\"lazy\" alt=\"Copy of BlackFriday-Box partenaire\" title=\"Copy of BlackFriday-Box partenaire\" class=\"is-radiusless placeholder-default wp-image\" src=\"https:\/\/www.europesays.com\/fr\/wp-content\/uploads\/2025\/11\/copy-of-blackfriday-box-partenaire-1-1200x446.jpg\" \/>            <\/p>\n<p>\n                    Le Lenovo Legion 5i (RTX 5070) a\u0300 1 299 \u20ac au lieu de 1 799 \u20ac                <\/p>\n<p class=\"has-text-weight-medium is-size-6 is-line-height-normal\">\n                    Chez Lenovo, le code BLACKFRIDAY vous offre une remise de 500 \u20ac sur le surpuissant Legion 5i 15\u2033. Au programme : carte graphique Nvidia RTX 5070, processeur Intel Core i7 13e ge\u0301ne\u0301ration, 32 Go de RAM, e\u0301cran 165 Hz\u2026 pour 1 299 \u20ac au lieu de 1 799 \u20ac.                <\/p>\n<p><a target=\"_blank\" href=\"https:\/\/www.europesays.com\/fr\/wp-content\/uploads\/2025\/11\/image-134.png\" class=\"article-content__figure\"><img loading=\"lazy\" decoding=\"async\" width=\"600\" height=\"480\" src=\"https:\/\/www.europesays.com\/fr\/wp-content\/uploads\/2025\/11\/image-134.png\" alt=\"\" class=\"wp-image-2885695 wp-image\"  \/><\/a><\/p>\n<p>Mais l\u00e0 o\u00f9 MSI assomme HP, c\u2019est sur l\u2019\u00e9cran. Vous avez ici une dalle <strong>16 pouces QHD+ (2560 x 1600 pixels)<\/strong> avec un taux de rafra\u00eechissement de <strong>240 Hz<\/strong>. L\u2019image est plus nette et beaucoup plus fluide que sur la plupart des concurrents \u00e0 ce prix. Pour du Counter-Strike ou du Valorant, c\u2019est un avantage d\u00e9loyal.<\/p>\n<p>La puissance vs la finition<\/p>\n<p>\u00c0 ce prix, MSI a d\u00fb couper quelque part.<\/p>\n<p><strong>Les points forts :<\/strong><\/p>\n<ul class=\"wp-block-list\">\n<li>L\u2019\u00e9cran est <strong>bon<\/strong> pour cette gamme de prix. 240 Hz en QHD+, c\u2019est rare \u00e0 1300 \u20ac<\/li>\n<li>Le syst\u00e8me <strong>Cooler Boost 5<\/strong> est efficace (bien que bruyant)<\/li>\n<li>Le processeur Intel version <strong>HX<\/strong> est d\u00e9brid\u00e9 pour la performance pure<\/li>\n<\/ul>\n<p><strong>Les points faibles :<\/strong><\/p>\n<ul class=\"wp-block-list\">\n<li>Seulement <strong>16 Go de RAM<\/strong>. C\u2019est l\u00e0 que le b\u00e2t blesse face aux 24 Go du HP Omen<\/li>\n<li>Le look. C\u2019est du \u00ab\u00a0Gamer\u00a0\u00bb pur jus, avec un clavier RGB 24 zones un peu \u00ab\u00a0arbre de No\u00ebl\u00a0\u00bb. Faut aimer.<\/li>\n<li>Le ch\u00e2ssis Crosshair est souvent tr\u00e8s plastique<\/li>\n<\/ul>\n<p>Mon avis<\/p>\n<p>C\u2019est simple : c\u2019est le choix des joueurs comp\u00e9titifs.<\/p>\n<p>Si vous privil\u00e9giez la fluidit\u00e9 de l\u2019image et la d\u00e9finition avant tout, prenez ce MSI \u00e0 la Fnac. Si vous pr\u00e9f\u00e9rez plus de m\u00e9moire vive pour le multit\u00e2che, restez sur le HP Omen d\u2019Amazon.<\/p>\n<p>La r\u00e9alit\u00e9 ? Il y a un d\u00e9tail qui me chiffonne. <strong>16 Go de RAM<\/strong> soud\u00e9s ou non, en 2025 avec une RTX 5070, c\u2019est limite. Windows 11 et les jeux modernes sont gourmands. Vous risquez de devoir remettre la main \u00e0 la poche pour rajouter une barrette de RAM dans six mois. C\u2019est le co\u00fbt cach\u00e9 de ce deal.<\/p>\n<p>Bref, une machine de guerre pour l\u2019\u00e9cran, mais pr\u00e9voyez un tournevis pour la RAM plus tard.<\/p>\n<p>Black Friday Week : pour ne rien rater des offres<\/p>\n<p>Le v\u00e9ritable Black Friday ne commencera que le 28 novembre prochain, mais les e-commer\u00e7ants ont d\u00e9j\u00e0 partag\u00e9 des offres en avance lors d\u2019une sorte d\u2019avant-premi\u00e8re du vendredi noir. En ce moment, Amazon lance la Black Friday Week, pour faire encore plus de bonnes affaires. Une aubaine si vous voulez anticiper vos achats de fin d\u2019ann\u00e9e.<\/p>\n<p>Si vous n\u2019avez pas trouv\u00e9 votre bonheur dans les s\u00e9lections pr\u00e9c\u00e9demment cit\u00e9es, voici ce qu\u2019il vous reste \u00e0 faire : <\/p>\n<ul class=\"wp-block-list\">\n<li>T\u00e9l\u00e9chargez notre nouvelle extension Chrome Frandroid Check afin de comparer facilement et sans intrusion les prix des produits : <a href=\"https:\/\/www.frandroid.com\/humanoid\/2877567_telechargez-frandroid-check-le-comparateur-de-prix-et-de-tests-integre-a-votre-navigateur\" target=\"_blank\" rel=\"noreferrer noopener\">tout est expliqu\u00e9 ici<\/a>. <\/li>\n<li>Suivez notre compte X\u00a0<a href=\"https:\/\/twitter.com\/FrandroidPromos\" target=\"_blank\" rel=\"noreferrer noopener\">@FrandroidPromos<\/a> uniquement d\u00e9di\u00e9 aux bons plans (pensez \u00e0 activer la cloche pour recevoir les notifications en temps r\u00e9el)<\/li>\n<li><a href=\"https:\/\/whatsapp.com\/channel\/0029VabYxm5LI8YhSlD8xc05\" target=\"_blank\" rel=\"noreferrer noopener\">Rejoignez notre canal WhatsApp<\/a> pour recevoir une fois par jour un condens\u00e9 des meilleures offres<\/li>\n<li>T\u00e9l\u00e9chargez notre <a href=\"https:\/\/www.frandroid.com\/telecharger\/apps\/frandroid\" target=\"_blank\" rel=\"noreferrer noopener\">application Frandroid<\/a> (disponible sur iOS et Android) pour activer les notifications de la cat\u00e9gorie \u00ab Bons Plans \u00bb et ainsi recevoir en temps r\u00e9el les nouveaux articles li\u00e9s au Black Friday 2025<\/li>\n<li>Abonnez-vous \u00e0 notre newsletter pour \u00eatre s\u00fbr de recevoir les offres en avant-premi\u00e8re (pas plus d\u2019un mail par jour, d\u00e9sinscription en 1 clic, aucune diffusion \u00e0 des tiers) :<\/li>\n<\/ul>\n<p class=\"newsletter-form__title is-size-6 is-size-7-mobile is-uppercase has-text-good-deals has-text-weight-semibold mb-4 px-5\">Frandroid Bons plans<\/p>\n<p class=\"has-text-centered-tablet newsletter-form__subtitle is-size-4 has-text-weight-bold has-text-primary column is-9-tablet is-10-mobile\">\n                C\u2019est enregistr\u00e9 ! Surveillez votre bo\u00eete aux lettres, vous allez entendre parler de nous\u00a0!\n            <\/p>\n<p class=\"newsletter-form__subtitle is-size-4 has-text-weight-bold has-text-gradient-pink\">Ne manquez aucun bon plan avec notre newsletter<\/p>\n<p class=\"is-size-7\">\n                Les donn\u00e9es transmises par le biais de ce formulaire sont destin\u00e9es \u00e0 Humanoid,<br \/>\n                soci\u00e9t\u00e9 \u00e9ditrice du site Frandroid en sa qualit\u00e9 de responsable de traitement.<br \/>\n                Elles ne seront en aucun cas c\u00e9d\u00e9es \u00e0 des tiers. Ces donn\u00e9es sont trait\u00e9es sous r\u00e9serve d\u2019obtention de<br \/>\n                votre consentement pour vous envoyer par e-mail des actualit\u00e9s et informations relatives aux contenus<br \/>\n                \u00e9ditoriaux publi\u00e9s sur Frandroid. Vous pouvez vous opposer \u00e0 tout moment \u00e0 ces e-mails<br \/>\n                en cliquant sur les liens de d\u00e9sinscriptions pr\u00e9sents dans chacun d\u2019eux. Pour plus d\u2019informations, vous<br \/>\n                pouvez consulter l\u2019int\u00e9gralit\u00e9 de notre <a href=\"https:\/\/www.frandroid.com\/politique-donnees-personnelles\" target=\"_blank\" rel=\"noopener\"><br \/>\n                politique de traitement de vos donn\u00e9es personnelles<\/a>.<br \/>\n                Vous disposez d\u2019un droit d\u2019acc\u00e8s, de rectification, d\u2019effacement, de limitation, de portabilit\u00e9 et<br \/>\n                d\u2019opposition pour motif l\u00e9gitime aux donn\u00e9es personnelles vous concernant. Pour exercer l\u2019un de ces droits,<br \/>\n                merci d\u2019effectuer votre demande via notre <a href=\"https:\/\/www.frandroid.com\/contact\/#RGPD\" target=\"_blank\" rel=\"noopener\">formulaire<br \/>\n                de demandes d\u2019exercices de droits d\u00e9di\u00e9<\/a>.\n            <\/p>\n<p>            <script async src=\"https:\/\/platform.twitter.com\/widgets.js\" charset=\"utf-8\"><\/script><\/p>\n","protected":false},"excerpt":{"rendered":"C\u2019est la bataille du jour. Face \u00e0 la promo d\u2019Amazon, la Fnac r\u00e9plique avec ce MSI Crosshair 16.&hellip;\n","protected":false},"author":2,"featured_media":558901,"comment_status":"","ping_status":"","sticky":false,"template":"","format":"standard","meta":{"footnotes":""},"categories":[7],"tags":[62374,944,1011,27,43,40,41,39,42,44],"class_list":{"0":"post-558900","1":"post","2":"type-post","3":"status-publish","4":"format-standard","5":"has-post-thumbnail","7":"category-sciences-et-technologies","8":"tag-black-friday-2025","9":"tag-bons-plans-fnac","10":"tag-fr","11":"tag-france","12":"tag-science","13":"tag-science-and-technology","14":"tag-sciences","15":"tag-sciences-et-technologies","16":"tag-technologies","17":"tag-technology"},"share_on_mastodon":{"url":"https:\/\/pubeurope.com\/@fr\/115613479377868536","error":""},"_links":{"self":[{"href":"https:\/\/www.europesays.com\/fr\/wp-json\/wp\/v2\/posts\/558900","targetHints":{"allow":["GET"]}}],"collection":[{"href":"https:\/\/www.europesays.com\/fr\/wp-json\/wp\/v2\/posts"}],"about":[{"href":"https:\/\/www.europesays.com\/fr\/wp-json\/wp\/v2\/types\/post"}],"author":[{"embeddable":true,"href":"https:\/\/www.europesays.com\/fr\/wp-json\/wp\/v2\/users\/2"}],"replies":[{"embeddable":true,"href":"https:\/\/www.europesays.com\/fr\/wp-json\/wp\/v2\/comments?post=558900"}],"version-history":[{"count":0,"href":"https:\/\/www.europesays.com\/fr\/wp-json\/wp\/v2\/posts\/558900\/revisions"}],"wp:featuredmedia":[{"embeddable":true,"href":"https:\/\/www.europesays.com\/fr\/wp-json\/wp\/v2\/media\/558901"}],"wp:attachment":[{"href":"https:\/\/www.europesays.com\/fr\/wp-json\/wp\/v2\/media?parent=558900"}],"wp:term":[{"taxonomy":"category","embeddable":true,"href":"https:\/\/www.europesays.com\/fr\/wp-json\/wp\/v2\/categories?post=558900"},{"taxonomy":"post_tag","embeddable":true,"href":"https:\/\/www.europesays.com\/fr\/wp-json\/wp\/v2\/tags?post=558900"}],"curies":[{"name":"wp","href":"https:\/\/api.w.org\/{rel}","templated":true}]}}