{"id":558904,"date":"2025-11-26T01:48:18","date_gmt":"2025-11-26T01:48:18","guid":{"rendered":"https:\/\/www.europesays.com\/fr\/558904\/"},"modified":"2025-11-26T01:48:18","modified_gmt":"2025-11-26T01:48:18","slug":"israel-a-recu-la-depouille-dun-des-derniers-otages-presumes-de-gaza","status":"publish","type":"post","link":"https:\/\/www.europesays.com\/fr\/558904\/","title":{"rendered":"Isra\u00ebl a re\u00e7u la d\u00e9pouille d&rsquo;un des derniers otages pr\u00e9sum\u00e9s de Gaza"},"content":{"rendered":"\n<p class=\"c-chapo \">\n  Selon Tel-Aviv, le corps a \u00e9t\u00e9 remis \u00e0 Gaza au CICR qui l&rsquo;a transf\u00e9r\u00e9 \u00e0 l&rsquo;arm\u00e9e isra\u00e9lienne sur place.\n<\/p>\n<p>      lire plus tard<\/p>\n<p id=\"dialog__title\" class=\"dialog__title\">Pour sauvegarder cet article, connectez-vous ou cr\u00e9ez un compte franceinfo<\/p>\n<p class=\"dialog__description\">Sans paiement. Sans abonnement.<\/p>\n<p>        Fermer la fen\u00eatre d\u2019activation des notifications France Info<\/p>\n<p>      cr\u00e9er votre compte<\/p>\n<p>      se connecter<\/p>\n<p>        Fermer la fen\u00eatre de pr\u00e9sentation<\/p>\n<p>    <img loading=\"lazy\" decoding=\"async\" class=\"signature__image lazyload\" width=\"100\" height=\"100\" data- alt=\"\" src=\"https:\/\/www.europesays.com\/fr\/wp-content\/uploads\/2025\/05\/64a68815cd1a7_placeholder-36b69ec8.png\"\/><\/p>\n<p>    Publi\u00e9 le 25\/11\/2025 17:54<\/p>\n<p>      Mis \u00e0 jour le 25\/11\/2025 22:16<\/p>\n<p>        Temps de lecture : 1min<\/p>\n<p>    <img decoding=\"async\"  alt=\"Des repr\u00e9sentants du Comit\u00e9 international de la Croix-Rouge (CICR) dans le quartier de Zeitoun, dans la bande de Gaza, le 13 novembre 2025. (KHAMES ALREFI \/ ANADOLU \/ AFP)\" width=\"432\" height=\"243\" src=\"https:\/\/www.europesays.com\/fr\/wp-content\/uploads\/2025\/11\/068-aa-13112025-2517087-6925dc3440c17401321937.jpg\" fetchpriority=\"high\"\/><\/p>\n<p>      Des repr\u00e9sentants du Comit\u00e9 international de la Croix-Rouge (CICR) dans le quartier de Zeitoun, dans la bande de Gaza, le 13 novembre 2025. (KHAMES ALREFI \/ ANADOLU \/ AFP)<\/p>\n<p>Isra\u00ebl a annonc\u00e9, mardi 25 novembre au soir, avoir re\u00e7u via le Comit\u00e9 international de la Croix-Rouge (CICR) la d\u00e9pouille pr\u00e9sum\u00e9e d&rsquo;un des trois derniers otages de la bande de Gaza que les autorit\u00e9s doivent encore identifier. Selon Isra\u00ebl, le corps a \u00e9t\u00e9 remis \u00e0 Gaza au CICR qui l&rsquo;a transf\u00e9r\u00e9 \u00e0 l&rsquo;arm\u00e9e isra\u00e9lienne sur place. Les militaires l&rsquo;ont ensuite transport\u00e9 en sol isra\u00e9lien afin d&rsquo;\u00eatre identifi\u00e9 \u00e0 l&rsquo;Institut national de m\u00e9decine l\u00e9gale \u00e0 Tel-Aviv.<\/p>\n<p>Un journaliste de l&rsquo;AFP sur place, a vu une camionnette blanche, escort\u00e9e de v\u00e9hicules de police et de motos, passer la grille d&rsquo;entr\u00e9e de l&rsquo;institut. \u00ab\u00a0Apr\u00e8s avoir compl\u00e9t\u00e9 le processus d&rsquo;identification, la famille [de l&rsquo;otage] sera formellement notifi\u00e9e\u00a0\u00bb, a d\u00e9clar\u00e9 dans un communiqu\u00e9 le Premier ministre isra\u00e9lien Benyamin N\u00e9tanyahou sans lever le voile sur son identit\u00e9 possible.<\/p>\n<p>Les branches arm\u00e9es des mouvements islamistes palestiniens Hamas et Jihad islamique avaient annonc\u00e9 plus t\u00f4t mardi qu&rsquo;elles allaient rendre en journ\u00e9e le corps d&rsquo;un 26e otage mort sur les 28 qui \u00e9taient retenus dans la bande de Gaza avant l&rsquo;accord de cessez-le-feu.<\/p>\n<p>Au cours des derni\u00e8res semaines, des membres du Hamas avaient par exemple pu se rendre dans une zone de la bande de Gaza d\u00e9sormais sous contr\u00f4le de l&rsquo;arm\u00e9e isra\u00e9lienne afin d&rsquo;y retrouver la d\u00e9pouille d&rsquo;un otage qui avait \u00e9t\u00e9 en leur possession.<\/p>\n","protected":false},"excerpt":{"rendered":"Selon Tel-Aviv, le corps a \u00e9t\u00e9 remis \u00e0 Gaza au CICR qui l&rsquo;a transf\u00e9r\u00e9 \u00e0 l&rsquo;arm\u00e9e isra\u00e9lienne sur&hellip;\n","protected":false},"author":2,"featured_media":558905,"comment_status":"","ping_status":"","sticky":false,"template":"","format":"standard","meta":{"footnotes":""},"categories":[5],"tags":[11,1011,27,14,12,28],"class_list":{"0":"post-558904","1":"post","2":"type-post","3":"status-publish","4":"format-standard","5":"has-post-thumbnail","7":"category-international","8":"tag-actualites","9":"tag-fr","10":"tag-france","11":"tag-international","12":"tag-news","13":"tag-world"},"share_on_mastodon":{"url":"https:\/\/pubeurope.com\/@fr\/115613487301408175","error":""},"_links":{"self":[{"href":"https:\/\/www.europesays.com\/fr\/wp-json\/wp\/v2\/posts\/558904","targetHints":{"allow":["GET"]}}],"collection":[{"href":"https:\/\/www.europesays.com\/fr\/wp-json\/wp\/v2\/posts"}],"about":[{"href":"https:\/\/www.europesays.com\/fr\/wp-json\/wp\/v2\/types\/post"}],"author":[{"embeddable":true,"href":"https:\/\/www.europesays.com\/fr\/wp-json\/wp\/v2\/users\/2"}],"replies":[{"embeddable":true,"href":"https:\/\/www.europesays.com\/fr\/wp-json\/wp\/v2\/comments?post=558904"}],"version-history":[{"count":0,"href":"https:\/\/www.europesays.com\/fr\/wp-json\/wp\/v2\/posts\/558904\/revisions"}],"wp:featuredmedia":[{"embeddable":true,"href":"https:\/\/www.europesays.com\/fr\/wp-json\/wp\/v2\/media\/558905"}],"wp:attachment":[{"href":"https:\/\/www.europesays.com\/fr\/wp-json\/wp\/v2\/media?parent=558904"}],"wp:term":[{"taxonomy":"category","embeddable":true,"href":"https:\/\/www.europesays.com\/fr\/wp-json\/wp\/v2\/categories?post=558904"},{"taxonomy":"post_tag","embeddable":true,"href":"https:\/\/www.europesays.com\/fr\/wp-json\/wp\/v2\/tags?post=558904"}],"curies":[{"name":"wp","href":"https:\/\/api.w.org\/{rel}","templated":true}]}}