{"id":558910,"date":"2025-11-26T01:51:31","date_gmt":"2025-11-26T01:51:31","guid":{"rendered":"https:\/\/www.europesays.com\/fr\/558910\/"},"modified":"2025-11-26T01:51:31","modified_gmt":"2025-11-26T01:51:31","slug":"pres-de-10-mois-apres-lincendie-devastateur-ambianspa-a-rouvert","status":"publish","type":"post","link":"https:\/\/www.europesays.com\/fr\/558910\/","title":{"rendered":"pr\u00e8s de 10 mois apr\u00e8s l\u2019incendie d\u00e9vastateur, Ambian\u2019Spa a rouvert"},"content":{"rendered":"<p>C\u2019est la fin d\u2019un long chemin, esp\u00e8rent C\u00e9line Drevet et Myriam Devun, les deux associ\u00e9es \u00e0 la t\u00eate d\u2019Ambian\u2019Spa. La route sinueuse a pris fin ce mardi 25\u00a0novembre. Le spa urbain a rouvert. \u00ab\u00a0On a tout refait \u00e0 neuf, meubles, mat\u00e9riel, sols\u00a0\u00bb, s\u2019enthousiasme la premi\u00e8re, en montrant la pergola de l\u2019accueil, seulement \u00e9l\u00e9ment qui a pu \u00eatre sauv\u00e9 et r\u00e9nov\u00e9.<\/p>\n<p>\u00ab\u00a0La suie, vous n\u2019imaginez pas comme \u00e7a t\u00e2che\u00a0\u00bb, reprend la g\u00e9rante de l\u2019\u00e9tablissement ouvert en 2007 et refait une premi\u00e8re fois en 2014, o\u00f9 l\u2019agencement a \u00e9t\u00e9 conserv\u00e9 que ce soit au spa, dans les cinq cabines (dont une comporte une douche accessible aux personnes \u00e0 mobilit\u00e9 r\u00e9duite), ou \u00e0 l\u2019espace boutique en arrivant. La d\u00e9coration a \u00e9t\u00e9 revue et des tons \u00ab\u00a0beige ros\u00e9, plus clairs et plus doux\u00a0\u00bb, ornent d\u00e9sormais le bel institut.<\/p>\n<p>Deux des quatre employ\u00e9es conserv\u00e9es<\/p>\n<p>Voil\u00e0&#8230;<\/p>\n","protected":false},"excerpt":{"rendered":"C\u2019est la fin d\u2019un long chemin, esp\u00e8rent C\u00e9line Drevet et Myriam Devun, les deux associ\u00e9es \u00e0 la t\u00eate&hellip;\n","protected":false},"author":2,"featured_media":558911,"comment_status":"","ping_status":"","sticky":false,"template":"","format":"standard","meta":{"footnotes":""},"categories":[9653],"tags":[1111,11,2430,4406,33,7539,1777,674,274,10282,10283,1011,27,1310,12,25,4001],"class_list":{"0":"post-558910","1":"post","2":"type-post","3":"status-publish","4":"format-standard","5":"has-post-thumbnail","7":"category-saint-etienne","8":"tag-actu","9":"tag-actualites","10":"tag-auvergne-rhone-alpes","11":"tag-commerce-et-services","12":"tag-economie","13":"tag-edition-loire-sud","14":"tag-eu","15":"tag-europe","16":"tag-faits-divers-justice","17":"tag-firminy","18":"tag-firminy-ville","19":"tag-fr","20":"tag-france","21":"tag-incendie","22":"tag-news","23":"tag-republique-francaise","24":"tag-saint-etienne"},"share_on_mastodon":{"url":"https:\/\/pubeurope.com\/@fr\/115613498712422359","error":""},"_links":{"self":[{"href":"https:\/\/www.europesays.com\/fr\/wp-json\/wp\/v2\/posts\/558910","targetHints":{"allow":["GET"]}}],"collection":[{"href":"https:\/\/www.europesays.com\/fr\/wp-json\/wp\/v2\/posts"}],"about":[{"href":"https:\/\/www.europesays.com\/fr\/wp-json\/wp\/v2\/types\/post"}],"author":[{"embeddable":true,"href":"https:\/\/www.europesays.com\/fr\/wp-json\/wp\/v2\/users\/2"}],"replies":[{"embeddable":true,"href":"https:\/\/www.europesays.com\/fr\/wp-json\/wp\/v2\/comments?post=558910"}],"version-history":[{"count":0,"href":"https:\/\/www.europesays.com\/fr\/wp-json\/wp\/v2\/posts\/558910\/revisions"}],"wp:featuredmedia":[{"embeddable":true,"href":"https:\/\/www.europesays.com\/fr\/wp-json\/wp\/v2\/media\/558911"}],"wp:attachment":[{"href":"https:\/\/www.europesays.com\/fr\/wp-json\/wp\/v2\/media?parent=558910"}],"wp:term":[{"taxonomy":"category","embeddable":true,"href":"https:\/\/www.europesays.com\/fr\/wp-json\/wp\/v2\/categories?post=558910"},{"taxonomy":"post_tag","embeddable":true,"href":"https:\/\/www.europesays.com\/fr\/wp-json\/wp\/v2\/tags?post=558910"}],"curies":[{"name":"wp","href":"https:\/\/api.w.org\/{rel}","templated":true}]}}