{"id":558912,"date":"2025-11-26T01:52:15","date_gmt":"2025-11-26T01:52:15","guid":{"rendered":"https:\/\/www.europesays.com\/fr\/558912\/"},"modified":"2025-11-26T01:52:15","modified_gmt":"2025-11-26T01:52:15","slug":"lembleme-de-saint-etienne-du-gres-en-pleine-renaissance","status":"publish","type":"post","link":"https:\/\/www.europesays.com\/fr\/558912\/","title":{"rendered":"l&#8217;embl\u00e8me de Saint-Etienne-du-Gr\u00e8s en pleine renaissance"},"content":{"rendered":"<p>La beaut\u00e9 de la <a href=\"https:\/\/www.laprovence.com\/article\/region\/1979209651197515\/un-appel-aux-dons-lance-pour-la-restauration-de-la-chapelle-notre-dame-du-chateau-de-saint-etienne-du-gres\" target=\"_blank\" rel=\"noopener\">Chapelle Notre-Dame du Ch\u00e2teau<\/a> de <a href=\"https:\/\/www.laprovence.com\/bouches-du-rhone\/saint-etienne-du-gres-13094\" target=\"_blank\" rel=\"noopener\">Saint-Etienne-du-Gr\u00e8s<\/a> se m\u00e9rite. Le sentier forestier qui y m\u00e8ne grimpe et se resserre en un chemin rocailleux, heurt\u00e9 par le vent des Alpilles.\u00a0<\/p>\n<p>Encore une trentaine de marches, et soudain elle appara\u00eet. Pos\u00e9e \u00e0 129 m\u00e8tres d\u2019altitude, rep\u00e8re immuable dans le paysage, elle domine la plaine\u00a0: <a href=\"https:\/\/www.laprovence.com\/bouches-du-rhone\/tarascon-13108\" target=\"_blank\" rel=\"noopener\">Tarascon<\/a> d\u2019un c\u00f4t\u00e9, les Alpilles de l\u2019autre, et plus loin encore, la silhouette du mont Ventoux.<\/p>\n<p>Construite au XIe\u00a0si\u00e8cle et inscrite \u00e0 l\u2019inventaire des monuments historiques depuis\u00a01926, la chapelle offre une architecture romane, caract\u00e9ris\u00e9e par ses vo\u00fbtes en berceau et ses arcs en plein cintre. Embl\u00e8me du village, elle est pr\u00e9cieuse \u00e0 plus d\u2019un titre. Et pourtant, elle est interdite d\u2019acc\u00e8s, tout comme ses abords, pour des raisons de s\u00e9curit\u00e9.<\/p>\n<p>La foudre, coup de gr\u00e2ce pour un \u00e9difice fragile<\/p>\n<p>La foudre a frapp\u00e9 son clocher le 6\u00a0juin\u00a02023, aggravant l\u2019\u00e9tat d\u00e9j\u00e0 pr\u00e9occupant de l\u2019\u00e9difice puisqu\u2019un audit de l\u2019Architecte des b\u00e2timents de France avait, six ans plus t\u00f4t, pr\u00e9conis\u00e9 une <a href=\"https:\/\/www.laprovence.com\/article\/region\/1979209651197515\/un-appel-aux-dons-lance-pour-la-restauration-de-la-chapelle-notre-dame-du-chateau-de-saint-etienne-du-gres\" target=\"_blank\" rel=\"noopener\">restauration compl\u00e8te.<\/a><\/p>\n<p>Les travaux d\u2019urgence pr\u00e9vus sont nombreux\u00a0: reprise des fa\u00e7ades, des toitures, des fissures int\u00e9rieures, mais aussi des interventions plus global&#8230;<\/p>\n","protected":false},"excerpt":{"rendered":"La beaut\u00e9 de la Chapelle Notre-Dame du Ch\u00e2teau de Saint-Etienne-du-Gr\u00e8s se m\u00e9rite. Le sentier forestier qui y m\u00e8ne&hellip;\n","protected":false},"author":2,"featured_media":558913,"comment_status":"","ping_status":"","sticky":false,"template":"","format":"standard","meta":{"footnotes":""},"categories":[9653],"tags":[17,1111,11,2430,4811,1777,674,1011,27,67605,12,1049,19940,3370,25,4001,15987,104],"class_list":{"0":"post-558912","1":"post","2":"type-post","3":"status-publish","4":"format-standard","5":"has-post-thumbnail","7":"category-saint-etienne","8":"tag-17","9":"tag-actu","10":"tag-actualites","11":"tag-auvergne-rhone-alpes","12":"tag-chateau","13":"tag-eu","14":"tag-europe","15":"tag-fr","16":"tag-france","17":"tag-lembleme","18":"tag-news","19":"tag-notre-dame","20":"tag-pleine","21":"tag-renaissance","22":"tag-republique-francaise","23":"tag-saint-etienne","24":"tag-saint-etienne-du-gres","25":"tag-societe"},"share_on_mastodon":{"url":"https:\/\/pubeurope.com\/@fr\/115613502492362398","error":""},"_links":{"self":[{"href":"https:\/\/www.europesays.com\/fr\/wp-json\/wp\/v2\/posts\/558912","targetHints":{"allow":["GET"]}}],"collection":[{"href":"https:\/\/www.europesays.com\/fr\/wp-json\/wp\/v2\/posts"}],"about":[{"href":"https:\/\/www.europesays.com\/fr\/wp-json\/wp\/v2\/types\/post"}],"author":[{"embeddable":true,"href":"https:\/\/www.europesays.com\/fr\/wp-json\/wp\/v2\/users\/2"}],"replies":[{"embeddable":true,"href":"https:\/\/www.europesays.com\/fr\/wp-json\/wp\/v2\/comments?post=558912"}],"version-history":[{"count":0,"href":"https:\/\/www.europesays.com\/fr\/wp-json\/wp\/v2\/posts\/558912\/revisions"}],"wp:featuredmedia":[{"embeddable":true,"href":"https:\/\/www.europesays.com\/fr\/wp-json\/wp\/v2\/media\/558913"}],"wp:attachment":[{"href":"https:\/\/www.europesays.com\/fr\/wp-json\/wp\/v2\/media?parent=558912"}],"wp:term":[{"taxonomy":"category","embeddable":true,"href":"https:\/\/www.europesays.com\/fr\/wp-json\/wp\/v2\/categories?post=558912"},{"taxonomy":"post_tag","embeddable":true,"href":"https:\/\/www.europesays.com\/fr\/wp-json\/wp\/v2\/tags?post=558912"}],"curies":[{"name":"wp","href":"https:\/\/api.w.org\/{rel}","templated":true}]}}