{"id":558924,"date":"2025-11-26T02:01:37","date_gmt":"2025-11-26T02:01:37","guid":{"rendered":"https:\/\/www.europesays.com\/fr\/558924\/"},"modified":"2025-11-26T02:01:37","modified_gmt":"2025-11-26T02:01:37","slug":"rouen-quatre-migrants-arretes-dans-un-poids-lourd-transportant-des-fleurs","status":"publish","type":"post","link":"https:\/\/www.europesays.com\/fr\/558924\/","title":{"rendered":"Rouen. Quatre migrants arr\u00eat\u00e9s dans un poids lourd transportant des fleurs"},"content":{"rendered":"<p melodystyle=\"texte\" data-end=\"442\">Lundi 24\u00a0novembre, vers 23h50, la police est alert\u00e9e apr\u00e8s l&rsquo;appel d&rsquo;un chauffeur routier n\u00e9erlandais transportant des fleurs. Alors qu&rsquo;il circulait \u00e0 Rouen, <a href=\"https:\/\/www.google.com\/maps\/place\/Av.+Bernard+Bicheray,+76000+Rouen\/@49.4498077,1.0457997,15.58z\/data=!4m6!3m5!1s0x47e0e750d2bbd081:0xd68abf1c161cc2d8!8m2!3d49.4501052!4d1.05294!16s%2Fg%2F1tdf0m_y?entry=ttu&amp;g_ep=EgoyMDI1MTEyMy4xIKXMDSoASAFQAw%3D%3D\" target=\"_blank\" rel=\"noopener\">avenue Bernard Bicheray<\/a>, l&rsquo;homme explique avoir entendu des bruits inhabituels provenant de sa remorque r\u00e9frig\u00e9r\u00e9e.<\/p>\n<p>D\u00e9couverte lors de l&rsquo;ouverture de la remorque<\/p>\n<p melodystyle=\"texte\" data-end=\"760\">Les policiers se rendent imm\u00e9diatement sur place et proc\u00e8dent aux premi\u00e8res v\u00e9rifications. A l&rsquo;ouverture du poids lourd, quatre hommes sont d\u00e9couverts \u00e0 l&rsquo;int\u00e9rieur. Ag\u00e9s de 23 \u00e0 30 ans, n\u00e9s en 2001, 1994, 1997 et 1998, ils seraient de nationalit\u00e9 irakienne. Selon leurs d\u00e9clarations, ils seraient mont\u00e9s \u00e0 bord lors d&rsquo;une pause du chauffeur sur une aire d&rsquo;autoroute, pensant se diriger vers l&rsquo;Angleterre.<\/p>\n<p>Plac\u00e9s en retenue administrative<\/p>\n<p melodystyle=\"texte\" data-end=\"1269\">Les quatre hommes ont \u00e9t\u00e9 pris en charge par les forces de l&rsquo;ordre puis plac\u00e9s en retenue administrative. Le chauffeur a \u00e9t\u00e9 entendu par les policiers.<\/p>\n","protected":false},"excerpt":{"rendered":"Lundi 24\u00a0novembre, vers 23h50, la police est alert\u00e9e apr\u00e8s l&rsquo;appel d&rsquo;un chauffeur routier n\u00e9erlandais transportant des fleurs. Alors&hellip;\n","protected":false},"author":2,"featured_media":558925,"comment_status":"","ping_status":"","sticky":false,"template":"","format":"standard","meta":{"footnotes":""},"categories":[9587],"tags":[1111,11,1777,674,1011,27,12,5161,25,9590],"class_list":{"0":"post-558924","1":"post","2":"type-post","3":"status-publish","4":"format-standard","5":"has-post-thumbnail","7":"category-rouen","8":"tag-actu","9":"tag-actualites","10":"tag-eu","11":"tag-europe","12":"tag-fr","13":"tag-france","14":"tag-news","15":"tag-normandie","16":"tag-republique-francaise","17":"tag-rouen"},"share_on_mastodon":{"url":"https:\/\/pubeurope.com\/@fr\/115613537676192908","error":""},"_links":{"self":[{"href":"https:\/\/www.europesays.com\/fr\/wp-json\/wp\/v2\/posts\/558924","targetHints":{"allow":["GET"]}}],"collection":[{"href":"https:\/\/www.europesays.com\/fr\/wp-json\/wp\/v2\/posts"}],"about":[{"href":"https:\/\/www.europesays.com\/fr\/wp-json\/wp\/v2\/types\/post"}],"author":[{"embeddable":true,"href":"https:\/\/www.europesays.com\/fr\/wp-json\/wp\/v2\/users\/2"}],"replies":[{"embeddable":true,"href":"https:\/\/www.europesays.com\/fr\/wp-json\/wp\/v2\/comments?post=558924"}],"version-history":[{"count":0,"href":"https:\/\/www.europesays.com\/fr\/wp-json\/wp\/v2\/posts\/558924\/revisions"}],"wp:featuredmedia":[{"embeddable":true,"href":"https:\/\/www.europesays.com\/fr\/wp-json\/wp\/v2\/media\/558925"}],"wp:attachment":[{"href":"https:\/\/www.europesays.com\/fr\/wp-json\/wp\/v2\/media?parent=558924"}],"wp:term":[{"taxonomy":"category","embeddable":true,"href":"https:\/\/www.europesays.com\/fr\/wp-json\/wp\/v2\/categories?post=558924"},{"taxonomy":"post_tag","embeddable":true,"href":"https:\/\/www.europesays.com\/fr\/wp-json\/wp\/v2\/tags?post=558924"}],"curies":[{"name":"wp","href":"https:\/\/api.w.org\/{rel}","templated":true}]}}